{"id":30018,"date":"2015-04-14T09:25:15","date_gmt":"2015-04-14T07:25:15","guid":{"rendered":"http:\/\/camera-austria.at\/2015\/04\/birgit-juergenssen-preis-2015-an-daniela-grabsch-verliehen-2\/"},"modified":"2015-04-14T09:25:15","modified_gmt":"2015-04-14T07:25:15","slug":"birgit-juergenssen-preis-2015-an-daniela-grabsch-verliehen","status":"publish","type":"post","link":"https:\/\/camera-austria.at\/en\/2015\/04\/birgit-juergenssen-preis-2015-an-daniela-grabsch-verliehen\/","title":{"rendered":"Birgit-J\u00fcrgenssen-Preis 2015 an Daniela Grabosch verliehen"},"content":{"rendered":"<p>Der mit 5.000 Euro dotierte Birgit-J\u00fcrgenssen-Preis wird heuer zum zw\u00f6lften Mal im Gedenken an die ehemals an der Akademie lehrende K\u00fcnstlerin Birgit J\u00fcrgenssen verliehen. Seit 2004 wird die Auszeichnung j\u00e4hrlich in einer Kooperation von Bundeskanzleramt, der Akademie der bildenden K\u00fcnste Wien und Hubert Winter an eine Studentin oder einen Studenten der Kunstuniversit\u00e4t f\u00fcr Arbeiten im medialen Bereich, insbesondere der k\u00fcnstlerischen Fotografie sowie der Video- oder (digitalen) Medienkunst vergeben.<\/p>\n<p>Die Jury, bestehend aus Carola Dertnig, K\u00fcnstlerin und Professorin f\u00fcr performative Kunst; Vanessa Joan M\u00fcller, Dramaturgin der Kunsthalle Wien; Peter Noever, Designer und Ausstellungsmacher und Constanze Ruhm, K\u00fcnstlerin und Professorin f\u00fcr Kunst und digitale Medien hat den Birgit-J\u00fcrgenssen-Preis 2015 einstimmig Daniela Grabosch zuerkannt. Juryvorsitz: Andrea B. Braidt, Vizerektorin der Akademie der bildenden K\u00fcnste Wien f\u00fcr Kunst und Forschung.<\/p>\n<p>Daniela Grabosch entrollt mit ihren Arbeiten zum Thema Wohnen ein ganzes Dispositiv &#8211; die Verbindungen zwischen den Elementen Privatsph\u00e4re, gesellschaftlicher Pr\u00e4gung und \u00dcberwachung all dessen, was man als eigene Entscheidung oder Gestaltungsleistung begreift. Ihre Analysen und Kreationen von Wohnungspl\u00e4nen werden zu einem Display, einer B\u00fchne, die das vermeintlich Private als immer schon \u00c4u\u00dferes entdecken. Das gelingt, weil Grabosch nicht einfach etwas Bestehendes ausstellt, sondern ein regelrecht neues Wohnsystem ersinnt, das auch ein eigenes Wort-Sprach-System mit sich bringt &#8211; Wohneinheiten werden konstruiert, um dann doch nicht Obdach gebend einzuladen, sondern vielmehr Distanz und Verwirrung zu stiften. Nicht zuletzt hat diese Strategie von Grabosch, dem bestehenden, aber unsichtbaren Dispositiv ein neues gegen\u00fcber zu stellen &#8211; ein guter Trick, um des Jetzt, in dem man gerade lebt, gewahr zu werden, inklusive der Pl\u00e4ne, die andere f\u00fcr uns machen &#8211; die Jury \u00fcberzeugt. (Jurybegr\u00fcndung: Carola Dertnig)<\/p>\n<p>Daniela Grabosch, geboren 1986 in K\u00f6ln, studiert derzeit an der Akademie der bildenden K\u00fcnste Wien performative Kunst bei Carola Dertnig. Ihre Arbeiten bewegen sich zwischen performativer Kunst, Video, Skulptur und Installation.<\/p>\n<p>&nbsp;<\/p>\n<p><a href=\"https:\/\/www.akbild.ac.at\/Portal\/organisation\/aktuelles\/ausstellungen-vermittlung\/birgit-juergenssen-preistraegerin-2015-daniela-grabosch\" target=\"_blank\">https:\/\/www.akbild.ac.at\/Portal\/organisation\/aktuelles\/ausstellungen-vermittlung\/birgit-juergenssen-preistraegerin-2015-daniela-grabosch<\/a><\/p>\n","protected":false},"excerpt":{"rendered":"<p>Der mit 5.000 Euro dotierte Birgit-J\u00fcrgenssen-Preis wird heuer zum zw\u00f6lften Mal im Gedenken an die ehemals an der Akademie lehrende K\u00fcnstlerin Birgit J\u00fcrgenssen verliehen. Seit 2004 wird die Auszeichnung j\u00e4hrlich in einer Kooperation von Bundeskanzleramt, der Akademie der bildenden K\u00fcnste Wien und Hubert Winter an eine Studentin oder einen Studenten der Kunstuniversit\u00e4t f\u00fcr Arbeiten im medialen Bereich, insbesondere der k\u00fcnstlerischen Fotografie sowie der Video- oder (digitalen) Medienkunst vergeben.<\/p>\n","protected":false},"author":2,"featured_media":0,"comment_status":"closed","ping_status":"closed","sticky":false,"template":"","format":"standard","meta":{"_acf_changed":false,"footnotes":""},"categories":[35],"tags":[],"class_list":["post-30018","post","type-post","status-publish","format-standard","hentry","category-preise-en"],"acf":[],"yoast_head":"<!-- This site is optimized with the Yoast SEO plugin v27.4 - https:\/\/yoast.com\/product\/yoast-seo-wordpress\/ -->\n<title>Birgit-J\u00fcrgenssen-Preis 2015 an Daniela Grabosch verliehen - Camera Austria<\/title>\n<meta name=\"robots\" content=\"index, follow, max-snippet:-1, max-image-preview:large, max-video-preview:-1\" \/>\n<link rel=\"canonical\" href=\"https:\/\/camera-austria.at\/en\/2015\/04\/birgit-juergenssen-preis-2015-an-daniela-grabsch-verliehen\/\" \/>\n<meta property=\"og:locale\" content=\"en_US\" \/>\n<meta property=\"og:type\" content=\"article\" \/>\n<meta property=\"og:title\" content=\"Birgit-J\u00fcrgenssen-Preis 2015 an Daniela Grabosch verliehen - Camera Austria\" \/>\n<meta property=\"og:description\" content=\"Der mit 5.000 Euro dotierte Birgit-J\u00fcrgenssen-Preis wird heuer zum zw\u00f6lften Mal im Gedenken an die ehemals an der Akademie lehrende K\u00fcnstlerin Birgit J\u00fcrgenssen verliehen. Seit 2004 wird die Auszeichnung j\u00e4hrlich in einer Kooperation von Bundeskanzleramt, der Akademie der bildenden K\u00fcnste Wien und Hubert Winter an eine Studentin oder einen Studenten der Kunstuniversit\u00e4t f\u00fcr Arbeiten im medialen Bereich, insbesondere der k\u00fcnstlerischen Fotografie sowie der Video- oder (digitalen) Medienkunst vergeben.\" \/>\n<meta property=\"og:url\" content=\"https:\/\/camera-austria.at\/en\/2015\/04\/birgit-juergenssen-preis-2015-an-daniela-grabsch-verliehen\/\" \/>\n<meta property=\"og:site_name\" content=\"Camera Austria\" \/>\n<meta property=\"article:publisher\" content=\"https:\/\/www.facebook.com\/Camera.Austria\" \/>\n<meta property=\"article:published_time\" content=\"2015-04-14T07:25:15+00:00\" \/>\n<meta property=\"og:image\" content=\"https:\/\/camera-austria.at\/wp-content\/uploads\/2012\/11\/ca_ueber-uns_aussenansicht_spiluttini.jpg\" \/>\n\t<meta property=\"og:image:width\" content=\"629\" \/>\n\t<meta property=\"og:image:height\" content=\"491\" \/>\n\t<meta property=\"og:image:type\" content=\"image\/jpeg\" \/>\n<meta name=\"author\" content=\"CameraAustria\" \/>\n<meta name=\"twitter:card\" content=\"summary_large_image\" \/>\n<meta name=\"twitter:label1\" content=\"Written by\" \/>\n\t<meta name=\"twitter:data1\" content=\"CameraAustria\" \/>\n\t<meta name=\"twitter:label2\" content=\"Est. reading time\" \/>\n\t<meta name=\"twitter:data2\" content=\"2 minutes\" \/>\n<script type=\"application\/ld+json\" class=\"yoast-schema-graph\">{\"@context\":\"https:\\\/\\\/schema.org\",\"@graph\":[{\"@type\":\"Article\",\"@id\":\"https:\\\/\\\/camera-austria.at\\\/en\\\/2015\\\/04\\\/birgit-juergenssen-preis-2015-an-daniela-grabsch-verliehen\\\/#article\",\"isPartOf\":{\"@id\":\"https:\\\/\\\/camera-austria.at\\\/en\\\/2015\\\/04\\\/birgit-juergenssen-preis-2015-an-daniela-grabsch-verliehen\\\/\"},\"author\":{\"name\":\"CameraAustria\",\"@id\":\"https:\\\/\\\/camera-austria.at\\\/en\\\/#\\\/schema\\\/person\\\/79fbd5c5423c329fd8aa6512a8f8cf7c\"},\"headline\":\"Birgit-J\u00fcrgenssen-Preis 2015 an Daniela Grabosch verliehen\",\"datePublished\":\"2015-04-14T07:25:15+00:00\",\"mainEntityOfPage\":{\"@id\":\"https:\\\/\\\/camera-austria.at\\\/en\\\/2015\\\/04\\\/birgit-juergenssen-preis-2015-an-daniela-grabsch-verliehen\\\/\"},\"wordCount\":341,\"publisher\":{\"@id\":\"https:\\\/\\\/camera-austria.at\\\/en\\\/#organization\"},\"articleSection\":[\"Preise\"],\"inLanguage\":\"en-US\"},{\"@type\":\"WebPage\",\"@id\":\"https:\\\/\\\/camera-austria.at\\\/en\\\/2015\\\/04\\\/birgit-juergenssen-preis-2015-an-daniela-grabsch-verliehen\\\/\",\"url\":\"https:\\\/\\\/camera-austria.at\\\/en\\\/2015\\\/04\\\/birgit-juergenssen-preis-2015-an-daniela-grabsch-verliehen\\\/\",\"name\":\"Birgit-J\u00fcrgenssen-Preis 2015 an Daniela Grabosch verliehen - Camera Austria\",\"isPartOf\":{\"@id\":\"https:\\\/\\\/camera-austria.at\\\/en\\\/#website\"},\"datePublished\":\"2015-04-14T07:25:15+00:00\",\"breadcrumb\":{\"@id\":\"https:\\\/\\\/camera-austria.at\\\/en\\\/2015\\\/04\\\/birgit-juergenssen-preis-2015-an-daniela-grabsch-verliehen\\\/#breadcrumb\"},\"inLanguage\":\"en-US\",\"potentialAction\":[{\"@type\":\"ReadAction\",\"target\":[\"https:\\\/\\\/camera-austria.at\\\/en\\\/2015\\\/04\\\/birgit-juergenssen-preis-2015-an-daniela-grabsch-verliehen\\\/\"]}]},{\"@type\":\"BreadcrumbList\",\"@id\":\"https:\\\/\\\/camera-austria.at\\\/en\\\/2015\\\/04\\\/birgit-juergenssen-preis-2015-an-daniela-grabsch-verliehen\\\/#breadcrumb\",\"itemListElement\":[{\"@type\":\"ListItem\",\"position\":1,\"name\":\"Home\",\"item\":\"https:\\\/\\\/camera-austria.at\\\/en\\\/\"},{\"@type\":\"ListItem\",\"position\":2,\"name\":\"Birgit-J\u00fcrgenssen-Preis 2015 an Daniela Grabosch verliehen\"}]},{\"@type\":\"WebSite\",\"@id\":\"https:\\\/\\\/camera-austria.at\\\/en\\\/#website\",\"url\":\"https:\\\/\\\/camera-austria.at\\\/en\\\/\",\"name\":\"Camera Austria\",\"description\":\"\",\"publisher\":{\"@id\":\"https:\\\/\\\/camera-austria.at\\\/en\\\/#organization\"},\"potentialAction\":[{\"@type\":\"SearchAction\",\"target\":{\"@type\":\"EntryPoint\",\"urlTemplate\":\"https:\\\/\\\/camera-austria.at\\\/en\\\/?s={search_term_string}\"},\"query-input\":{\"@type\":\"PropertyValueSpecification\",\"valueRequired\":true,\"valueName\":\"search_term_string\"}}],\"inLanguage\":\"en-US\"},{\"@type\":\"Organization\",\"@id\":\"https:\\\/\\\/camera-austria.at\\\/en\\\/#organization\",\"name\":\"Camera Austria\",\"url\":\"https:\\\/\\\/camera-austria.at\\\/en\\\/\",\"logo\":{\"@type\":\"ImageObject\",\"inLanguage\":\"en-US\",\"@id\":\"https:\\\/\\\/camera-austria.at\\\/en\\\/#\\\/schema\\\/logo\\\/image\\\/\",\"url\":\"https:\\\/\\\/camera-austria.at\\\/wp-content\\\/uploads\\\/2022\\\/02\\\/logo.png\",\"contentUrl\":\"https:\\\/\\\/camera-austria.at\\\/wp-content\\\/uploads\\\/2022\\\/02\\\/logo.png\",\"width\":399,\"height\":59,\"caption\":\"Camera Austria\"},\"image\":{\"@id\":\"https:\\\/\\\/camera-austria.at\\\/en\\\/#\\\/schema\\\/logo\\\/image\\\/\"},\"sameAs\":[\"https:\\\/\\\/www.facebook.com\\\/Camera.Austria\",\"https:\\\/\\\/www.instagram.com\\\/cameraaustriagraz\\\/\"]},{\"@type\":\"Person\",\"@id\":\"https:\\\/\\\/camera-austria.at\\\/en\\\/#\\\/schema\\\/person\\\/79fbd5c5423c329fd8aa6512a8f8cf7c\",\"name\":\"CameraAustria\",\"url\":\"https:\\\/\\\/camera-austria.at\\\/en\\\/author\\\/cameraaustria\\\/\"}]}<\/script>\n<!-- \/ Yoast SEO plugin. -->","yoast_head_json":{"title":"Birgit-J\u00fcrgenssen-Preis 2015 an Daniela Grabosch verliehen - Camera Austria","robots":{"index":"index","follow":"follow","max-snippet":"max-snippet:-1","max-image-preview":"max-image-preview:large","max-video-preview":"max-video-preview:-1"},"canonical":"https:\/\/camera-austria.at\/en\/2015\/04\/birgit-juergenssen-preis-2015-an-daniela-grabsch-verliehen\/","og_locale":"en_US","og_type":"article","og_title":"Birgit-J\u00fcrgenssen-Preis 2015 an Daniela Grabosch verliehen - Camera Austria","og_description":"Der mit 5.000 Euro dotierte Birgit-J\u00fcrgenssen-Preis wird heuer zum zw\u00f6lften Mal im Gedenken an die ehemals an der Akademie lehrende K\u00fcnstlerin Birgit J\u00fcrgenssen verliehen. Seit 2004 wird die Auszeichnung j\u00e4hrlich in einer Kooperation von Bundeskanzleramt, der Akademie der bildenden K\u00fcnste Wien und Hubert Winter an eine Studentin oder einen Studenten der Kunstuniversit\u00e4t f\u00fcr Arbeiten im medialen Bereich, insbesondere der k\u00fcnstlerischen Fotografie sowie der Video- oder (digitalen) Medienkunst vergeben.","og_url":"https:\/\/camera-austria.at\/en\/2015\/04\/birgit-juergenssen-preis-2015-an-daniela-grabsch-verliehen\/","og_site_name":"Camera Austria","article_publisher":"https:\/\/www.facebook.com\/Camera.Austria","article_published_time":"2015-04-14T07:25:15+00:00","og_image":[{"width":629,"height":491,"url":"https:\/\/camera-austria.at\/wp-content\/uploads\/2012\/11\/ca_ueber-uns_aussenansicht_spiluttini.jpg","type":"image\/jpeg"}],"author":"CameraAustria","twitter_card":"summary_large_image","twitter_misc":{"Written by":"CameraAustria","Est. reading time":"2 minutes"},"schema":{"@context":"https:\/\/schema.org","@graph":[{"@type":"Article","@id":"https:\/\/camera-austria.at\/en\/2015\/04\/birgit-juergenssen-preis-2015-an-daniela-grabsch-verliehen\/#article","isPartOf":{"@id":"https:\/\/camera-austria.at\/en\/2015\/04\/birgit-juergenssen-preis-2015-an-daniela-grabsch-verliehen\/"},"author":{"name":"CameraAustria","@id":"https:\/\/camera-austria.at\/en\/#\/schema\/person\/79fbd5c5423c329fd8aa6512a8f8cf7c"},"headline":"Birgit-J\u00fcrgenssen-Preis 2015 an Daniela Grabosch verliehen","datePublished":"2015-04-14T07:25:15+00:00","mainEntityOfPage":{"@id":"https:\/\/camera-austria.at\/en\/2015\/04\/birgit-juergenssen-preis-2015-an-daniela-grabsch-verliehen\/"},"wordCount":341,"publisher":{"@id":"https:\/\/camera-austria.at\/en\/#organization"},"articleSection":["Preise"],"inLanguage":"en-US"},{"@type":"WebPage","@id":"https:\/\/camera-austria.at\/en\/2015\/04\/birgit-juergenssen-preis-2015-an-daniela-grabsch-verliehen\/","url":"https:\/\/camera-austria.at\/en\/2015\/04\/birgit-juergenssen-preis-2015-an-daniela-grabsch-verliehen\/","name":"Birgit-J\u00fcrgenssen-Preis 2015 an Daniela Grabosch verliehen - Camera Austria","isPartOf":{"@id":"https:\/\/camera-austria.at\/en\/#website"},"datePublished":"2015-04-14T07:25:15+00:00","breadcrumb":{"@id":"https:\/\/camera-austria.at\/en\/2015\/04\/birgit-juergenssen-preis-2015-an-daniela-grabsch-verliehen\/#breadcrumb"},"inLanguage":"en-US","potentialAction":[{"@type":"ReadAction","target":["https:\/\/camera-austria.at\/en\/2015\/04\/birgit-juergenssen-preis-2015-an-daniela-grabsch-verliehen\/"]}]},{"@type":"BreadcrumbList","@id":"https:\/\/camera-austria.at\/en\/2015\/04\/birgit-juergenssen-preis-2015-an-daniela-grabsch-verliehen\/#breadcrumb","itemListElement":[{"@type":"ListItem","position":1,"name":"Home","item":"https:\/\/camera-austria.at\/en\/"},{"@type":"ListItem","position":2,"name":"Birgit-J\u00fcrgenssen-Preis 2015 an Daniela Grabosch verliehen"}]},{"@type":"WebSite","@id":"https:\/\/camera-austria.at\/en\/#website","url":"https:\/\/camera-austria.at\/en\/","name":"Camera Austria","description":"","publisher":{"@id":"https:\/\/camera-austria.at\/en\/#organization"},"potentialAction":[{"@type":"SearchAction","target":{"@type":"EntryPoint","urlTemplate":"https:\/\/camera-austria.at\/en\/?s={search_term_string}"},"query-input":{"@type":"PropertyValueSpecification","valueRequired":true,"valueName":"search_term_string"}}],"inLanguage":"en-US"},{"@type":"Organization","@id":"https:\/\/camera-austria.at\/en\/#organization","name":"Camera Austria","url":"https:\/\/camera-austria.at\/en\/","logo":{"@type":"ImageObject","inLanguage":"en-US","@id":"https:\/\/camera-austria.at\/en\/#\/schema\/logo\/image\/","url":"https:\/\/camera-austria.at\/wp-content\/uploads\/2022\/02\/logo.png","contentUrl":"https:\/\/camera-austria.at\/wp-content\/uploads\/2022\/02\/logo.png","width":399,"height":59,"caption":"Camera Austria"},"image":{"@id":"https:\/\/camera-austria.at\/en\/#\/schema\/logo\/image\/"},"sameAs":["https:\/\/www.facebook.com\/Camera.Austria","https:\/\/www.instagram.com\/cameraaustriagraz\/"]},{"@type":"Person","@id":"https:\/\/camera-austria.at\/en\/#\/schema\/person\/79fbd5c5423c329fd8aa6512a8f8cf7c","name":"CameraAustria","url":"https:\/\/camera-austria.at\/en\/author\/cameraaustria\/"}]}},"_links":{"self":[{"href":"https:\/\/camera-austria.at\/en\/wp-json\/wp\/v2\/posts\/30018","targetHints":{"allow":["GET"]}}],"collection":[{"href":"https:\/\/camera-austria.at\/en\/wp-json\/wp\/v2\/posts"}],"about":[{"href":"https:\/\/camera-austria.at\/en\/wp-json\/wp\/v2\/types\/post"}],"author":[{"embeddable":true,"href":"https:\/\/camera-austria.at\/en\/wp-json\/wp\/v2\/users\/2"}],"replies":[{"embeddable":true,"href":"https:\/\/camera-austria.at\/en\/wp-json\/wp\/v2\/comments?post=30018"}],"version-history":[{"count":0,"href":"https:\/\/camera-austria.at\/en\/wp-json\/wp\/v2\/posts\/30018\/revisions"}],"wp:attachment":[{"href":"https:\/\/camera-austria.at\/en\/wp-json\/wp\/v2\/media?parent=30018"}],"wp:term":[{"taxonomy":"category","embeddable":true,"href":"https:\/\/camera-austria.at\/en\/wp-json\/wp\/v2\/categories?post=30018"},{"taxonomy":"post_tag","embeddable":true,"href":"https:\/\/camera-austria.at\/en\/wp-json\/wp\/v2\/tags?post=30018"}],"curies":[{"name":"wp","href":"https:\/\/api.w.org\/{rel}","templated":true}]}}