{"id":33407,"date":"2015-11-17T10:52:02","date_gmt":"2015-11-17T09:52:02","guid":{"rendered":"http:\/\/camera-austria.at\/?p=33407"},"modified":"2015-11-19T12:37:49","modified_gmt":"2015-11-19T11:37:49","slug":"einladung-verleihung-des-msgr-otto-mauer-preis-2015-an-catrin-bolt-2","status":"publish","type":"post","link":"https:\/\/camera-austria.at\/en\/2015\/11\/einladung-verleihung-des-msgr-otto-mauer-preis-2015-an-catrin-bolt-2\/","title":{"rendered":"EINLADUNG: VERLEIHUNG DES MSGR. OTTO MAUER PREIS 2015  <br>AN CATRIN BOLT"},"content":{"rendered":"<p class=\"\">Das Kuratorium des Otto Mauer Fonds erlaubt sich, Sie zur Verleihung des Msgr. <a href=\"http:\/\/www.otto-mauer-fonds.at\/preis\/\" target=\"_blank\">Otto Mauer Preises 2015<\/a> einzuladen.<\/p>\n<p class=\"\">Der Preis wird von s.E. Erzbischof Kardinal Dr. Christoph Sch\u00f6nborn OP am <strong class=\"\">Donnerstag<\/strong>, den <strong class=\"\">3.<\/strong> <strong class=\"\">Dezember 2015<\/strong> um <strong class=\"\">19.30 Uhr<\/strong> in den <strong class=\"\">Festr\u00e4umen des <\/strong><strong class=\"\">Erzbisch\u00f6fliches Palais<\/strong>, Wollzeile 2, 1010 Wien verliehen.<\/p>\n<p class=\"\">Der Vorsitzende der Jury,<strong class=\"\">\u00a0<\/strong>P. Dr. Gustav Sch\u00f6rghofer SJ,<strong class=\"\">\u00a0<\/strong>wird die Preistr\u00e4gerin vorstellen.<\/p>\n<p class=\"\">Im Hinblick auf die beschr\u00e4nkte TeilnehmerInnenzahl bitten wir um verbindliche Zusage an: <a>werner@kunstnet.at<\/a><\/p>\n<p class=\"\"><a href=\"http:\/\/camera-austria.at\/camera\/uploads\/2015\/11\/Werkansicht-Catrin-Bolt.gif\"><img loading=\"lazy\" decoding=\"async\" class=\"alignnone size-full wp-image-33415\" src=\"http:\/\/camera-austria.at\/camera\/uploads\/2015\/11\/Werkansicht-Catrin-Bolt.gif\" alt=\"Werkansicht_Catrin_Bolt\" width=\"560\" height=\"367\" \/><\/a><\/p>\n<p class=\"\">Catrin Bolt<br class=\"\" \/>Fotoserie Guerilla-Skulpturen (Fluss), 2011<br class=\"\" \/>Foto: Catrin Bolt<br class=\"\" \/>\u00a9 Bildrecht, Wien 2015<\/p>\n<p class=\"\">________________________________________________________________________________<\/p>\n<p class=\"\"><strong class=\"\">EINLADUNG ZUR ER\u00d6FFNUNG DER AUSSTELLUNG <\/strong>\u00a0<br class=\"\" \/><strong class=\"\">Catrin Bolt: <\/strong><strong class=\"\">Kapital und Interessen, meine Schulden gro\u00df und <\/strong><br class=\"\" \/><strong class=\"\">klein werden einst verrechnet sein<\/strong><\/p>\n<p class=\"\"><strong class=\"\">Freitag, 4. Dezember 2015, 19.30 Uhr<\/strong><strong class=\"\"><br class=\"\" \/><strong class=\"\">JesuitenFoyer, B\u00e4ckerstra\u00dfe 18, 1010 Wien<\/strong><\/strong><\/p>\n<p class=\"\">Am <strong class=\"\">Freitag,<\/strong> den <strong class=\"\">4. Dezember 2015<\/strong> um <strong class=\"\">19.30 Uhr<\/strong> \u00a0er\u00f6ffnet P. Dr. Gustav Sch\u00f6rghofer SJ mit einleitenden Worten die Ausstellung <strong class=\"\">\u201e<\/strong><strong class=\"\">Kapital und Interessen, meine Schulden gro\u00df und <\/strong><strong class=\"\">klein werden einst verrechnet sein\u201c<\/strong> von <strong class=\"\">Catrin Bolt <\/strong>im <strong class=\"\">JesuitenFoyer<\/strong>, B\u00e4ckerstra\u00dfe 18, 1010 Wien.<\/p>\n<p class=\"\">Die Ausstellung ist vom 6. Dezember 2015 bis 24. J\u00e4nner 2016 bei freiem Eintritt zu sehen.<\/p>\n<p class=\"\">Ausstellungs\u00f6ffnungszeiten: <br class=\"\" \/>Montag und Dienstag 16\u201319 Uhr, Sonntag 12\u201313 Uhr und <br class=\"\" \/>nach telefonischer Vereinbarung: T +43 699 11 441 567<br class=\"\" \/>Zwischen 21. Dezember 2015 und 9. J\u00e4nner 2016 sowie an Feiertagen geschlossen.<\/p>\n<p class=\"\">Mehr Informationen:<a href=\"https:\/\/www.erzdioezese-wien.at\/site\/home\/nachrichten\/article\/46556.html\" target=\"_blank\"> https:\/\/www.erzdioezese-wien.at\/site\/home\/nachrichten\/article\/46556.html<\/a><\/p>\n<p class=\"\">Wir freuen uns auf Ihr Kommen!<\/p>\n<p class=\"\">U.A.w.g.<br class=\"\" \/>Mag. Christina Werner<br class=\"\" \/>Presse \/ Msgr. Otto Mauer Preis 2015<br class=\"\" \/>T + 43 1 524 96 46 &#8211; 22<br class=\"\" \/>F + 43 1 524 96 32<br class=\"\" \/>E <a>werner@kunstnet.at<\/a> <br class=\"\" \/>Pressedownload: <a class=\"\" href=\"http:\/\/www.otto-mauer-fonds.at\/presse\/\" target=\"_blank\">www.otto-mauer-fonds.at<\/a><\/p>\n<div class=\"\"><\/div>\n<table border=\"0\" width=\"100%\" cellspacing=\"0\" cellpadding=\"0\">\n<tbody class=\"\">\n<tr class=\"\">\n<td class=\"\" valign=\"top\"><strong class=\"\">Organisation<\/strong><\/td>\n<td class=\"\" valign=\"top\" nowrap=\"nowrap\">Otto Mauer Fonds<br class=\"\" \/>MMag. Lisa Simmel, Gesch\u00e4ftsf\u00fchrerin<br class=\"\" \/>W\u00e4hringer Stra\u00dfe 2\u20134, 1090 Wien<br class=\"\" \/>T 0043 1 51 552 DW 5103<br class=\"\" \/>E <a>office@otto-mauer-fonds.at<\/a><\/td>\n<\/tr>\n<tr class=\"\">\n<td class=\"\" valign=\"top\"><\/td>\n<td class=\"\" valign=\"top\"><\/td>\n<\/tr>\n<tr class=\"\">\n<td class=\"\" valign=\"top\"><strong class=\"\">Information<\/strong><\/td>\n<td class=\"\" valign=\"top\" nowrap=\"nowrap\"><a class=\"\" href=\"http:\/\/www.otto-mauer-fonds.at\/\" target=\"_blank\">www.otto-mauer-fonds.at<\/a><\/td>\n<\/tr>\n<tr class=\"\">\n<td class=\"\" valign=\"top\"><\/td>\n<td class=\"\" valign=\"top\"><\/td>\n<\/tr>\n<tr class=\"\">\n<td class=\"\" valign=\"top\"><strong class=\"\">Presse<\/strong><\/td>\n<td class=\"\" valign=\"top\" nowrap=\"nowrap\">Mag. Christina Werner<br class=\"\" \/>w.hoch.2wei, Kulturelles Projektmanagement<br class=\"\" \/>Breite Gasse 17\/4, 1070 Wien<br class=\"\" \/>T 0043 1 524 96 46 DW 22<br class=\"\" \/>F 0043 1 524 96 32<br class=\"\" \/>E <a>werner@kunstnet.at<\/a><\/td>\n<\/tr>\n<tr class=\"\">\n<td class=\"\" valign=\"top\"><\/td>\n<td class=\"\" valign=\"top\"><\/td>\n<\/tr>\n<tr class=\"\">\n<td class=\"\" valign=\"top\"><strong class=\"\">Pressedownload<\/strong><\/td>\n<td class=\"\" valign=\"top\">\n<p class=\"\"><a class=\"\" href=\"http:\/\/www.otto-mauer-fonds.at\/presse\/\" target=\"_blank\">www.otto-mauer-fonds.at\/presse<\/a><\/p>\n<\/td>\n<\/tr>\n<tr class=\"\">\n<td class=\"\" valign=\"top\"><\/td>\n<td class=\"\" valign=\"top\"><\/td>\n<\/tr>\n<tr class=\"\">\n<td class=\"\" valign=\"top\"><strong class=\"\">Informationen<\/strong><\/td>\n<td class=\"\" valign=\"top\">\n<p class=\"\"><a class=\"\" href=\"http:\/\/www.univie.ac.at\/fileadmin\/user_upload\/startseite\/Dokumente\/Portfolio-Catrin-Bolt1a.pdf\" target=\"_blank\">www.univie.ac.at<\/a><br class=\"\" \/><a class=\"\" href=\"https:\/\/www.museum-joanneum.at\/kioer\/projekte\/temporaere-projekte\/events\/event\/09.11.2013%20D30.09.2015\/catrin-bolt\" target=\"_blank\">www.museum-joanneum.at<\/a><br class=\"\" \/><a class=\"\" href=\"http:\/\/www.publicart.at\/home.php?pnr=682&amp;il=12&amp;l=deu&amp;weiter=1\" target=\"_blank\">www.publicart.at<\/a><\/p>\n<\/td>\n<\/tr>\n<\/tbody>\n<\/table>\n","protected":false},"excerpt":{"rendered":"<p>Das Kuratorium des Otto Mauer Fonds erlaubt sich, Sie zur Verleihung des Msgr. Otto Mauer Preises 2015 einzuladen. Der Preis wird von s.E. Erzbischof Kardinal Dr. Christoph Sch\u00f6nborn OP am Donnerstag, den 3. Dezember 2015 um 19.30 Uhr in den Festr\u00e4umen des Erzbisch\u00f6fliches Palais, Wollzeile 2, 1010 Wien verliehen. Der Vorsitzende der Jury,\u00a0P. Dr. Gustav [&hellip;]<\/p>\n","protected":false},"author":2,"featured_media":0,"comment_status":"closed","ping_status":"closed","sticky":false,"template":"","format":"standard","meta":{"_acf_changed":false,"footnotes":""},"categories":[35],"tags":[],"class_list":["post-33407","post","type-post","status-publish","format-standard","hentry","category-preise-en"],"acf":[],"yoast_head":"<!-- This site is optimized with the Yoast SEO plugin v27.4 - https:\/\/yoast.com\/product\/yoast-seo-wordpress\/ -->\n<title>EINLADUNG: VERLEIHUNG DES MSGR. OTTO MAUER PREIS 2015 AN CATRIN BOLT - Camera Austria<\/title>\n<meta name=\"robots\" content=\"index, follow, max-snippet:-1, max-image-preview:large, max-video-preview:-1\" \/>\n<link rel=\"canonical\" href=\"https:\/\/camera-austria.at\/en\/2015\/11\/einladung-verleihung-des-msgr-otto-mauer-preis-2015-an-catrin-bolt-2\/\" \/>\n<meta property=\"og:locale\" content=\"en_US\" \/>\n<meta property=\"og:type\" content=\"article\" \/>\n<meta property=\"og:title\" content=\"EINLADUNG: VERLEIHUNG DES MSGR. OTTO MAUER PREIS 2015 AN CATRIN BOLT - Camera Austria\" \/>\n<meta property=\"og:description\" content=\"Das Kuratorium des Otto Mauer Fonds erlaubt sich, Sie zur Verleihung des Msgr. Otto Mauer Preises 2015 einzuladen. Der Preis wird von s.E. Erzbischof Kardinal Dr. Christoph Sch\u00f6nborn OP am Donnerstag, den 3. Dezember 2015 um 19.30 Uhr in den Festr\u00e4umen des Erzbisch\u00f6fliches Palais, Wollzeile 2, 1010 Wien verliehen. Der Vorsitzende der Jury,\u00a0P. Dr. Gustav [&hellip;]\" \/>\n<meta property=\"og:url\" content=\"https:\/\/camera-austria.at\/en\/2015\/11\/einladung-verleihung-des-msgr-otto-mauer-preis-2015-an-catrin-bolt-2\/\" \/>\n<meta property=\"og:site_name\" content=\"Camera Austria\" \/>\n<meta property=\"article:publisher\" content=\"https:\/\/www.facebook.com\/Camera.Austria\" \/>\n<meta property=\"article:published_time\" content=\"2015-11-17T09:52:02+00:00\" \/>\n<meta property=\"article:modified_time\" content=\"2015-11-19T11:37:49+00:00\" \/>\n<meta property=\"og:image\" content=\"http:\/\/camera-austria.at\/camera\/uploads\/2015\/11\/Werkansicht-Catrin-Bolt.gif\" \/>\n<meta name=\"author\" content=\"CameraAustria\" \/>\n<meta name=\"twitter:card\" content=\"summary_large_image\" \/>\n<meta name=\"twitter:label1\" content=\"Written by\" \/>\n\t<meta name=\"twitter:data1\" content=\"CameraAustria\" \/>\n\t<meta name=\"twitter:label2\" content=\"Est. reading time\" \/>\n\t<meta name=\"twitter:data2\" content=\"1 minute\" \/>\n<script type=\"application\/ld+json\" class=\"yoast-schema-graph\">{\"@context\":\"https:\\\/\\\/schema.org\",\"@graph\":[{\"@type\":\"Article\",\"@id\":\"https:\\\/\\\/camera-austria.at\\\/en\\\/2015\\\/11\\\/einladung-verleihung-des-msgr-otto-mauer-preis-2015-an-catrin-bolt-2\\\/#article\",\"isPartOf\":{\"@id\":\"https:\\\/\\\/camera-austria.at\\\/en\\\/2015\\\/11\\\/einladung-verleihung-des-msgr-otto-mauer-preis-2015-an-catrin-bolt-2\\\/\"},\"author\":{\"name\":\"CameraAustria\",\"@id\":\"https:\\\/\\\/camera-austria.at\\\/en\\\/#\\\/schema\\\/person\\\/79fbd5c5423c329fd8aa6512a8f8cf7c\"},\"headline\":\"EINLADUNG: VERLEIHUNG DES MSGR. OTTO MAUER PREIS 2015 AN CATRIN BOLT\",\"datePublished\":\"2015-11-17T09:52:02+00:00\",\"dateModified\":\"2015-11-19T11:37:49+00:00\",\"mainEntityOfPage\":{\"@id\":\"https:\\\/\\\/camera-austria.at\\\/en\\\/2015\\\/11\\\/einladung-verleihung-des-msgr-otto-mauer-preis-2015-an-catrin-bolt-2\\\/\"},\"wordCount\":293,\"publisher\":{\"@id\":\"https:\\\/\\\/camera-austria.at\\\/en\\\/#organization\"},\"image\":{\"@id\":\"https:\\\/\\\/camera-austria.at\\\/en\\\/2015\\\/11\\\/einladung-verleihung-des-msgr-otto-mauer-preis-2015-an-catrin-bolt-2\\\/#primaryimage\"},\"thumbnailUrl\":\"http:\\\/\\\/camera-austria.at\\\/camera\\\/uploads\\\/2015\\\/11\\\/Werkansicht-Catrin-Bolt.gif\",\"articleSection\":[\"Preise\"],\"inLanguage\":\"en-US\"},{\"@type\":\"WebPage\",\"@id\":\"https:\\\/\\\/camera-austria.at\\\/en\\\/2015\\\/11\\\/einladung-verleihung-des-msgr-otto-mauer-preis-2015-an-catrin-bolt-2\\\/\",\"url\":\"https:\\\/\\\/camera-austria.at\\\/en\\\/2015\\\/11\\\/einladung-verleihung-des-msgr-otto-mauer-preis-2015-an-catrin-bolt-2\\\/\",\"name\":\"EINLADUNG: VERLEIHUNG DES MSGR. OTTO MAUER PREIS 2015 AN CATRIN BOLT - Camera Austria\",\"isPartOf\":{\"@id\":\"https:\\\/\\\/camera-austria.at\\\/en\\\/#website\"},\"primaryImageOfPage\":{\"@id\":\"https:\\\/\\\/camera-austria.at\\\/en\\\/2015\\\/11\\\/einladung-verleihung-des-msgr-otto-mauer-preis-2015-an-catrin-bolt-2\\\/#primaryimage\"},\"image\":{\"@id\":\"https:\\\/\\\/camera-austria.at\\\/en\\\/2015\\\/11\\\/einladung-verleihung-des-msgr-otto-mauer-preis-2015-an-catrin-bolt-2\\\/#primaryimage\"},\"thumbnailUrl\":\"http:\\\/\\\/camera-austria.at\\\/camera\\\/uploads\\\/2015\\\/11\\\/Werkansicht-Catrin-Bolt.gif\",\"datePublished\":\"2015-11-17T09:52:02+00:00\",\"dateModified\":\"2015-11-19T11:37:49+00:00\",\"breadcrumb\":{\"@id\":\"https:\\\/\\\/camera-austria.at\\\/en\\\/2015\\\/11\\\/einladung-verleihung-des-msgr-otto-mauer-preis-2015-an-catrin-bolt-2\\\/#breadcrumb\"},\"inLanguage\":\"en-US\",\"potentialAction\":[{\"@type\":\"ReadAction\",\"target\":[\"https:\\\/\\\/camera-austria.at\\\/en\\\/2015\\\/11\\\/einladung-verleihung-des-msgr-otto-mauer-preis-2015-an-catrin-bolt-2\\\/\"]}]},{\"@type\":\"ImageObject\",\"inLanguage\":\"en-US\",\"@id\":\"https:\\\/\\\/camera-austria.at\\\/en\\\/2015\\\/11\\\/einladung-verleihung-des-msgr-otto-mauer-preis-2015-an-catrin-bolt-2\\\/#primaryimage\",\"url\":\"http:\\\/\\\/camera-austria.at\\\/camera\\\/uploads\\\/2015\\\/11\\\/Werkansicht-Catrin-Bolt.gif\",\"contentUrl\":\"http:\\\/\\\/camera-austria.at\\\/camera\\\/uploads\\\/2015\\\/11\\\/Werkansicht-Catrin-Bolt.gif\"},{\"@type\":\"BreadcrumbList\",\"@id\":\"https:\\\/\\\/camera-austria.at\\\/en\\\/2015\\\/11\\\/einladung-verleihung-des-msgr-otto-mauer-preis-2015-an-catrin-bolt-2\\\/#breadcrumb\",\"itemListElement\":[{\"@type\":\"ListItem\",\"position\":1,\"name\":\"Home\",\"item\":\"https:\\\/\\\/camera-austria.at\\\/en\\\/\"},{\"@type\":\"ListItem\",\"position\":2,\"name\":\"EINLADUNG: VERLEIHUNG DES MSGR. OTTO MAUER PREIS 2015 AN CATRIN BOLT\"}]},{\"@type\":\"WebSite\",\"@id\":\"https:\\\/\\\/camera-austria.at\\\/en\\\/#website\",\"url\":\"https:\\\/\\\/camera-austria.at\\\/en\\\/\",\"name\":\"Camera Austria\",\"description\":\"\",\"publisher\":{\"@id\":\"https:\\\/\\\/camera-austria.at\\\/en\\\/#organization\"},\"potentialAction\":[{\"@type\":\"SearchAction\",\"target\":{\"@type\":\"EntryPoint\",\"urlTemplate\":\"https:\\\/\\\/camera-austria.at\\\/en\\\/?s={search_term_string}\"},\"query-input\":{\"@type\":\"PropertyValueSpecification\",\"valueRequired\":true,\"valueName\":\"search_term_string\"}}],\"inLanguage\":\"en-US\"},{\"@type\":\"Organization\",\"@id\":\"https:\\\/\\\/camera-austria.at\\\/en\\\/#organization\",\"name\":\"Camera Austria\",\"url\":\"https:\\\/\\\/camera-austria.at\\\/en\\\/\",\"logo\":{\"@type\":\"ImageObject\",\"inLanguage\":\"en-US\",\"@id\":\"https:\\\/\\\/camera-austria.at\\\/en\\\/#\\\/schema\\\/logo\\\/image\\\/\",\"url\":\"https:\\\/\\\/camera-austria.at\\\/wp-content\\\/uploads\\\/2022\\\/02\\\/logo.png\",\"contentUrl\":\"https:\\\/\\\/camera-austria.at\\\/wp-content\\\/uploads\\\/2022\\\/02\\\/logo.png\",\"width\":399,\"height\":59,\"caption\":\"Camera Austria\"},\"image\":{\"@id\":\"https:\\\/\\\/camera-austria.at\\\/en\\\/#\\\/schema\\\/logo\\\/image\\\/\"},\"sameAs\":[\"https:\\\/\\\/www.facebook.com\\\/Camera.Austria\",\"https:\\\/\\\/www.instagram.com\\\/cameraaustriagraz\\\/\"]},{\"@type\":\"Person\",\"@id\":\"https:\\\/\\\/camera-austria.at\\\/en\\\/#\\\/schema\\\/person\\\/79fbd5c5423c329fd8aa6512a8f8cf7c\",\"name\":\"CameraAustria\",\"url\":\"https:\\\/\\\/camera-austria.at\\\/en\\\/author\\\/cameraaustria\\\/\"}]}<\/script>\n<!-- \/ Yoast SEO plugin. -->","yoast_head_json":{"title":"EINLADUNG: VERLEIHUNG DES MSGR. OTTO MAUER PREIS 2015 AN CATRIN BOLT - Camera Austria","robots":{"index":"index","follow":"follow","max-snippet":"max-snippet:-1","max-image-preview":"max-image-preview:large","max-video-preview":"max-video-preview:-1"},"canonical":"https:\/\/camera-austria.at\/en\/2015\/11\/einladung-verleihung-des-msgr-otto-mauer-preis-2015-an-catrin-bolt-2\/","og_locale":"en_US","og_type":"article","og_title":"EINLADUNG: VERLEIHUNG DES MSGR. OTTO MAUER PREIS 2015 AN CATRIN BOLT - Camera Austria","og_description":"Das Kuratorium des Otto Mauer Fonds erlaubt sich, Sie zur Verleihung des Msgr. Otto Mauer Preises 2015 einzuladen. Der Preis wird von s.E. Erzbischof Kardinal Dr. Christoph Sch\u00f6nborn OP am Donnerstag, den 3. Dezember 2015 um 19.30 Uhr in den Festr\u00e4umen des Erzbisch\u00f6fliches Palais, Wollzeile 2, 1010 Wien verliehen. Der Vorsitzende der Jury,\u00a0P. Dr. Gustav [&hellip;]","og_url":"https:\/\/camera-austria.at\/en\/2015\/11\/einladung-verleihung-des-msgr-otto-mauer-preis-2015-an-catrin-bolt-2\/","og_site_name":"Camera Austria","article_publisher":"https:\/\/www.facebook.com\/Camera.Austria","article_published_time":"2015-11-17T09:52:02+00:00","article_modified_time":"2015-11-19T11:37:49+00:00","og_image":[{"url":"http:\/\/camera-austria.at\/camera\/uploads\/2015\/11\/Werkansicht-Catrin-Bolt.gif","type":"","width":"","height":""}],"author":"CameraAustria","twitter_card":"summary_large_image","twitter_misc":{"Written by":"CameraAustria","Est. reading time":"1 minute"},"schema":{"@context":"https:\/\/schema.org","@graph":[{"@type":"Article","@id":"https:\/\/camera-austria.at\/en\/2015\/11\/einladung-verleihung-des-msgr-otto-mauer-preis-2015-an-catrin-bolt-2\/#article","isPartOf":{"@id":"https:\/\/camera-austria.at\/en\/2015\/11\/einladung-verleihung-des-msgr-otto-mauer-preis-2015-an-catrin-bolt-2\/"},"author":{"name":"CameraAustria","@id":"https:\/\/camera-austria.at\/en\/#\/schema\/person\/79fbd5c5423c329fd8aa6512a8f8cf7c"},"headline":"EINLADUNG: VERLEIHUNG DES MSGR. OTTO MAUER PREIS 2015 AN CATRIN BOLT","datePublished":"2015-11-17T09:52:02+00:00","dateModified":"2015-11-19T11:37:49+00:00","mainEntityOfPage":{"@id":"https:\/\/camera-austria.at\/en\/2015\/11\/einladung-verleihung-des-msgr-otto-mauer-preis-2015-an-catrin-bolt-2\/"},"wordCount":293,"publisher":{"@id":"https:\/\/camera-austria.at\/en\/#organization"},"image":{"@id":"https:\/\/camera-austria.at\/en\/2015\/11\/einladung-verleihung-des-msgr-otto-mauer-preis-2015-an-catrin-bolt-2\/#primaryimage"},"thumbnailUrl":"http:\/\/camera-austria.at\/camera\/uploads\/2015\/11\/Werkansicht-Catrin-Bolt.gif","articleSection":["Preise"],"inLanguage":"en-US"},{"@type":"WebPage","@id":"https:\/\/camera-austria.at\/en\/2015\/11\/einladung-verleihung-des-msgr-otto-mauer-preis-2015-an-catrin-bolt-2\/","url":"https:\/\/camera-austria.at\/en\/2015\/11\/einladung-verleihung-des-msgr-otto-mauer-preis-2015-an-catrin-bolt-2\/","name":"EINLADUNG: VERLEIHUNG DES MSGR. OTTO MAUER PREIS 2015 AN CATRIN BOLT - Camera Austria","isPartOf":{"@id":"https:\/\/camera-austria.at\/en\/#website"},"primaryImageOfPage":{"@id":"https:\/\/camera-austria.at\/en\/2015\/11\/einladung-verleihung-des-msgr-otto-mauer-preis-2015-an-catrin-bolt-2\/#primaryimage"},"image":{"@id":"https:\/\/camera-austria.at\/en\/2015\/11\/einladung-verleihung-des-msgr-otto-mauer-preis-2015-an-catrin-bolt-2\/#primaryimage"},"thumbnailUrl":"http:\/\/camera-austria.at\/camera\/uploads\/2015\/11\/Werkansicht-Catrin-Bolt.gif","datePublished":"2015-11-17T09:52:02+00:00","dateModified":"2015-11-19T11:37:49+00:00","breadcrumb":{"@id":"https:\/\/camera-austria.at\/en\/2015\/11\/einladung-verleihung-des-msgr-otto-mauer-preis-2015-an-catrin-bolt-2\/#breadcrumb"},"inLanguage":"en-US","potentialAction":[{"@type":"ReadAction","target":["https:\/\/camera-austria.at\/en\/2015\/11\/einladung-verleihung-des-msgr-otto-mauer-preis-2015-an-catrin-bolt-2\/"]}]},{"@type":"ImageObject","inLanguage":"en-US","@id":"https:\/\/camera-austria.at\/en\/2015\/11\/einladung-verleihung-des-msgr-otto-mauer-preis-2015-an-catrin-bolt-2\/#primaryimage","url":"http:\/\/camera-austria.at\/camera\/uploads\/2015\/11\/Werkansicht-Catrin-Bolt.gif","contentUrl":"http:\/\/camera-austria.at\/camera\/uploads\/2015\/11\/Werkansicht-Catrin-Bolt.gif"},{"@type":"BreadcrumbList","@id":"https:\/\/camera-austria.at\/en\/2015\/11\/einladung-verleihung-des-msgr-otto-mauer-preis-2015-an-catrin-bolt-2\/#breadcrumb","itemListElement":[{"@type":"ListItem","position":1,"name":"Home","item":"https:\/\/camera-austria.at\/en\/"},{"@type":"ListItem","position":2,"name":"EINLADUNG: VERLEIHUNG DES MSGR. OTTO MAUER PREIS 2015 AN CATRIN BOLT"}]},{"@type":"WebSite","@id":"https:\/\/camera-austria.at\/en\/#website","url":"https:\/\/camera-austria.at\/en\/","name":"Camera Austria","description":"","publisher":{"@id":"https:\/\/camera-austria.at\/en\/#organization"},"potentialAction":[{"@type":"SearchAction","target":{"@type":"EntryPoint","urlTemplate":"https:\/\/camera-austria.at\/en\/?s={search_term_string}"},"query-input":{"@type":"PropertyValueSpecification","valueRequired":true,"valueName":"search_term_string"}}],"inLanguage":"en-US"},{"@type":"Organization","@id":"https:\/\/camera-austria.at\/en\/#organization","name":"Camera Austria","url":"https:\/\/camera-austria.at\/en\/","logo":{"@type":"ImageObject","inLanguage":"en-US","@id":"https:\/\/camera-austria.at\/en\/#\/schema\/logo\/image\/","url":"https:\/\/camera-austria.at\/wp-content\/uploads\/2022\/02\/logo.png","contentUrl":"https:\/\/camera-austria.at\/wp-content\/uploads\/2022\/02\/logo.png","width":399,"height":59,"caption":"Camera Austria"},"image":{"@id":"https:\/\/camera-austria.at\/en\/#\/schema\/logo\/image\/"},"sameAs":["https:\/\/www.facebook.com\/Camera.Austria","https:\/\/www.instagram.com\/cameraaustriagraz\/"]},{"@type":"Person","@id":"https:\/\/camera-austria.at\/en\/#\/schema\/person\/79fbd5c5423c329fd8aa6512a8f8cf7c","name":"CameraAustria","url":"https:\/\/camera-austria.at\/en\/author\/cameraaustria\/"}]}},"_links":{"self":[{"href":"https:\/\/camera-austria.at\/en\/wp-json\/wp\/v2\/posts\/33407","targetHints":{"allow":["GET"]}}],"collection":[{"href":"https:\/\/camera-austria.at\/en\/wp-json\/wp\/v2\/posts"}],"about":[{"href":"https:\/\/camera-austria.at\/en\/wp-json\/wp\/v2\/types\/post"}],"author":[{"embeddable":true,"href":"https:\/\/camera-austria.at\/en\/wp-json\/wp\/v2\/users\/2"}],"replies":[{"embeddable":true,"href":"https:\/\/camera-austria.at\/en\/wp-json\/wp\/v2\/comments?post=33407"}],"version-history":[{"count":3,"href":"https:\/\/camera-austria.at\/en\/wp-json\/wp\/v2\/posts\/33407\/revisions"}],"predecessor-version":[{"id":33432,"href":"https:\/\/camera-austria.at\/en\/wp-json\/wp\/v2\/posts\/33407\/revisions\/33432"}],"wp:attachment":[{"href":"https:\/\/camera-austria.at\/en\/wp-json\/wp\/v2\/media?parent=33407"}],"wp:term":[{"taxonomy":"category","embeddable":true,"href":"https:\/\/camera-austria.at\/en\/wp-json\/wp\/v2\/categories?post=33407"},{"taxonomy":"post_tag","embeddable":true,"href":"https:\/\/camera-austria.at\/en\/wp-json\/wp\/v2\/tags?post=33407"}],"curies":[{"name":"wp","href":"https:\/\/api.w.org\/{rel}","templated":true}]}}