{"id":35475,"date":"2016-05-30T10:33:48","date_gmt":"2016-05-30T08:33:48","guid":{"rendered":"http:\/\/camera-austria.at\/2016\/05\/withagainst-the-flow-zeitgenossische-fotografische-interventionen-2\/"},"modified":"2016-05-30T10:33:48","modified_gmt":"2016-05-30T08:33:48","slug":"withagainst-the-flow-zeitgenossische-fotografische-interventionen","status":"publish","type":"post","link":"https:\/\/camera-austria.at\/en\/2016\/05\/withagainst-the-flow-zeitgenossische-fotografische-interventionen\/","title":{"rendered":"with\/against the flow. Zeitgen\u00f6ssische fotografische Interventionen"},"content":{"rendered":"<p>ifa-Ausstellungsreihe zu zeitgen\u00f6ssischer Fotografie aus Deutschland beginnt mit Positionen von Viktoria Binschtok und Michael Sch\u00e4fer im Heidelberger Kunstverein<\/p>\n<p>18. 6. \u2013 28. 8. 2016, <a href=\"http:\/\/www.hdkv.de\/\" target=\"_blank\">Heidelberger Kunstverein<\/a><\/p>\n<p>Hauptstra\u00dfe 97, 69117 Heidelberg<\/p>\n<p>Wir leben im Zeitalter der Bilder: Fotografien dominieren Nachrichten- und Informationskan\u00e4le, kommen immer \u00f6fter aus der Handykamera und verbreiten sich schneeballartig im Netz. Als Auftakt zu der neuen Ausstellungsreihe with\/against the flow stellt das ifa (Institut f\u00fcr Auslandsbeziehungen) in einer Doppelausstellung im Heidelberger Kunstverein Arbeiten von Viktoria Binschtok und Michael Sch\u00e4fer vor, die solche Medienbilder aufgreifen.<\/p>\n<p>Viktoria Binschtok (*1972 in Moskau) und Michael Sch\u00e4fer (*1964 in Sigmaringen) verarbeiten Bilder aus den Medien weiter und reflektieren deren Funktionsweisen und angelegte Rezeptionsstrukturen. Durch diese Eingriffe wird die vorgefertigte Wirklichkeit der Medien sichtbar. Gleichzeitig untersuchen beide K\u00fcnstler die sich anbahnende Autonomie von Bildern durch digitale Algorithmen. Mit dieser Arbeitsweise stehen Viktoria Binschtok und Michael Sch\u00e4fer in der Tradition des k\u00fcnstlerischen Interesses an den Massenmedien der 1970er Jahre und repr\u00e4sentieren eine j\u00fcngere Generation von K\u00fcnstlern, die das Fotografische und Dokumentarische neu befragen.<\/p>\n<p>Die Auftaktausstellung wird am 17. Juni 2016 um 19 Uhr er\u00f6ffnet und ist vom 18. Juni bis 28. August 2016 im Heidelberger Kunstverein zu sehen. Im Anschluss geht sie auf eine mehrj\u00e4hrige Welttournee, die im Dezember 2016 im Georgian National Museum beginnt.<\/p>\n<p>Die Ausstellungs- und Publikationsreihe with\/against the flow stellt zeitgen\u00f6ssische fotografische Interventionen in den Mittelpunkt. Initiiert wurde die Reihe vom ifa (Institut f\u00fcr Auslandsbeziehungen), das mit Ausstellungen Einblicke in bildende Kunst, Fotografie und Film, Design und Architektur des 20. und 21. Jahrhunderts gibt. Kuratiert wird with\/against the flow von Florian Ebner, Leiter der Fotografischen Sammlung im Museum Folkwang, Essen, und Christin M\u00fcller, freie Kuratorin und Autorin, Leipzig.<\/p>\n<p>Weitere Informationen zur Ausstellung finden Sie auf der ifa-Website.<br \/>\nPressebilder zur Ausstellung sind online abrufbar.<\/p>\n<p>Pressegespr\u00e4ch mit Kuratoren, K\u00fcnstler und K\u00fcnstlerin<br \/>\n17. Juni 2016, 11 Uhr<\/p>\n<p>Er\u00f6ffnung<br \/>\n17. Juni 2016, 19 Uhr<\/p>\n<p>\u00dcber das ifa<br \/>\nDas ifa (Institut f\u00fcr Auslandsbeziehungen) engagiert sich weltweit f\u00fcr ein friedliches und bereicherndes Zusammenleben von Menschen und Kulturen. Es f\u00f6rdert den Kunst- und Kulturaustausch in Ausstellungs-, Dialog- und Konferenzprogrammen. Als Kompetenzzentrum der Ausw\u00e4rtigen Kultur- und Bildungspolitik vernetzt es Zivilgesellschaft, kulturelle Praxis, Kunst, Medien und Wissenschaft. Es initiiert, moderiert und dokumentiert Diskussionen zu internationalen Kulturbeziehungen.<br \/>\nDas ifa ist weltweit vernetzt und setzt auf langfristige, partnerschaftliche Zusammenarbeit. Es wird gef\u00f6rdert vom Ausw\u00e4rtigen Amt, dem Land Baden-W\u00fcrttemberg und der Landeshauptstadt Stuttgart.<\/p>\n","protected":false},"excerpt":{"rendered":"<p>ifa-Ausstellungsreihe zu zeitgen\u00f6ssischer Fotografie aus Deutschland beginnt mit Positionen von Viktoria Binschtok und Michael Sch\u00e4fer im Heidelberger Kunstverein 18. 6. \u2013 28. 8. 2016, Heidelberger Kunstverein Hauptstra\u00dfe 97, 69117 Heidelberg Wir leben im Zeitalter der Bilder: Fotografien dominieren Nachrichten- und Informationskan\u00e4le, kommen immer \u00f6fter aus der Handykamera und verbreiten sich schneeballartig im Netz. Als Auftakt [&hellip;]<\/p>\n","protected":false},"author":2,"featured_media":0,"comment_status":"closed","ping_status":"closed","sticky":false,"template":"","format":"standard","meta":{"_acf_changed":false,"footnotes":""},"categories":[32],"tags":[],"class_list":["post-35475","post","type-post","status-publish","format-standard","hentry","category-redaktion-en"],"acf":[],"yoast_head":"<!-- This site is optimized with the Yoast SEO plugin v27.4 - https:\/\/yoast.com\/product\/yoast-seo-wordpress\/ -->\n<title>with\/against the flow. Zeitgen\u00f6ssische fotografische Interventionen - Camera Austria<\/title>\n<meta name=\"robots\" content=\"index, follow, max-snippet:-1, max-image-preview:large, max-video-preview:-1\" \/>\n<link rel=\"canonical\" href=\"https:\/\/camera-austria.at\/en\/2016\/05\/withagainst-the-flow-zeitgenossische-fotografische-interventionen\/\" \/>\n<meta property=\"og:locale\" content=\"en_US\" \/>\n<meta property=\"og:type\" content=\"article\" \/>\n<meta property=\"og:title\" content=\"with\/against the flow. Zeitgen\u00f6ssische fotografische Interventionen - Camera Austria\" \/>\n<meta property=\"og:description\" content=\"ifa-Ausstellungsreihe zu zeitgen\u00f6ssischer Fotografie aus Deutschland beginnt mit Positionen von Viktoria Binschtok und Michael Sch\u00e4fer im Heidelberger Kunstverein 18. 6. \u2013 28. 8. 2016, Heidelberger Kunstverein Hauptstra\u00dfe 97, 69117 Heidelberg Wir leben im Zeitalter der Bilder: Fotografien dominieren Nachrichten- und Informationskan\u00e4le, kommen immer \u00f6fter aus der Handykamera und verbreiten sich schneeballartig im Netz. Als Auftakt [&hellip;]\" \/>\n<meta property=\"og:url\" content=\"https:\/\/camera-austria.at\/en\/2016\/05\/withagainst-the-flow-zeitgenossische-fotografische-interventionen\/\" \/>\n<meta property=\"og:site_name\" content=\"Camera Austria\" \/>\n<meta property=\"article:publisher\" content=\"https:\/\/www.facebook.com\/Camera.Austria\" \/>\n<meta property=\"article:published_time\" content=\"2016-05-30T08:33:48+00:00\" \/>\n<meta property=\"og:image\" content=\"https:\/\/camera-austria.at\/wp-content\/uploads\/2012\/11\/ca_ueber-uns_aussenansicht_spiluttini.jpg\" \/>\n\t<meta property=\"og:image:width\" content=\"629\" \/>\n\t<meta property=\"og:image:height\" content=\"491\" \/>\n\t<meta property=\"og:image:type\" content=\"image\/jpeg\" \/>\n<meta name=\"author\" content=\"CameraAustria\" \/>\n<meta name=\"twitter:card\" content=\"summary_large_image\" \/>\n<meta name=\"twitter:label1\" content=\"Written by\" \/>\n\t<meta name=\"twitter:data1\" content=\"CameraAustria\" \/>\n\t<meta name=\"twitter:label2\" content=\"Est. reading time\" \/>\n\t<meta name=\"twitter:data2\" content=\"2 minutes\" \/>\n<script type=\"application\/ld+json\" class=\"yoast-schema-graph\">{\"@context\":\"https:\\\/\\\/schema.org\",\"@graph\":[{\"@type\":\"Article\",\"@id\":\"https:\\\/\\\/camera-austria.at\\\/en\\\/2016\\\/05\\\/withagainst-the-flow-zeitgenossische-fotografische-interventionen\\\/#article\",\"isPartOf\":{\"@id\":\"https:\\\/\\\/camera-austria.at\\\/en\\\/2016\\\/05\\\/withagainst-the-flow-zeitgenossische-fotografische-interventionen\\\/\"},\"author\":{\"name\":\"CameraAustria\",\"@id\":\"https:\\\/\\\/camera-austria.at\\\/en\\\/#\\\/schema\\\/person\\\/79fbd5c5423c329fd8aa6512a8f8cf7c\"},\"headline\":\"with\\\/against the flow. Zeitgen\u00f6ssische fotografische Interventionen\",\"datePublished\":\"2016-05-30T08:33:48+00:00\",\"mainEntityOfPage\":{\"@id\":\"https:\\\/\\\/camera-austria.at\\\/en\\\/2016\\\/05\\\/withagainst-the-flow-zeitgenossische-fotografische-interventionen\\\/\"},\"wordCount\":404,\"publisher\":{\"@id\":\"https:\\\/\\\/camera-austria.at\\\/en\\\/#organization\"},\"articleSection\":[\"Redaktion\"],\"inLanguage\":\"en-US\"},{\"@type\":\"WebPage\",\"@id\":\"https:\\\/\\\/camera-austria.at\\\/en\\\/2016\\\/05\\\/withagainst-the-flow-zeitgenossische-fotografische-interventionen\\\/\",\"url\":\"https:\\\/\\\/camera-austria.at\\\/en\\\/2016\\\/05\\\/withagainst-the-flow-zeitgenossische-fotografische-interventionen\\\/\",\"name\":\"with\\\/against the flow. Zeitgen\u00f6ssische fotografische Interventionen - Camera Austria\",\"isPartOf\":{\"@id\":\"https:\\\/\\\/camera-austria.at\\\/en\\\/#website\"},\"datePublished\":\"2016-05-30T08:33:48+00:00\",\"breadcrumb\":{\"@id\":\"https:\\\/\\\/camera-austria.at\\\/en\\\/2016\\\/05\\\/withagainst-the-flow-zeitgenossische-fotografische-interventionen\\\/#breadcrumb\"},\"inLanguage\":\"en-US\",\"potentialAction\":[{\"@type\":\"ReadAction\",\"target\":[\"https:\\\/\\\/camera-austria.at\\\/en\\\/2016\\\/05\\\/withagainst-the-flow-zeitgenossische-fotografische-interventionen\\\/\"]}]},{\"@type\":\"BreadcrumbList\",\"@id\":\"https:\\\/\\\/camera-austria.at\\\/en\\\/2016\\\/05\\\/withagainst-the-flow-zeitgenossische-fotografische-interventionen\\\/#breadcrumb\",\"itemListElement\":[{\"@type\":\"ListItem\",\"position\":1,\"name\":\"Home\",\"item\":\"https:\\\/\\\/camera-austria.at\\\/en\\\/\"},{\"@type\":\"ListItem\",\"position\":2,\"name\":\"with\\\/against the flow. Zeitgen\u00f6ssische fotografische Interventionen\"}]},{\"@type\":\"WebSite\",\"@id\":\"https:\\\/\\\/camera-austria.at\\\/en\\\/#website\",\"url\":\"https:\\\/\\\/camera-austria.at\\\/en\\\/\",\"name\":\"Camera Austria\",\"description\":\"\",\"publisher\":{\"@id\":\"https:\\\/\\\/camera-austria.at\\\/en\\\/#organization\"},\"potentialAction\":[{\"@type\":\"SearchAction\",\"target\":{\"@type\":\"EntryPoint\",\"urlTemplate\":\"https:\\\/\\\/camera-austria.at\\\/en\\\/?s={search_term_string}\"},\"query-input\":{\"@type\":\"PropertyValueSpecification\",\"valueRequired\":true,\"valueName\":\"search_term_string\"}}],\"inLanguage\":\"en-US\"},{\"@type\":\"Organization\",\"@id\":\"https:\\\/\\\/camera-austria.at\\\/en\\\/#organization\",\"name\":\"Camera Austria\",\"url\":\"https:\\\/\\\/camera-austria.at\\\/en\\\/\",\"logo\":{\"@type\":\"ImageObject\",\"inLanguage\":\"en-US\",\"@id\":\"https:\\\/\\\/camera-austria.at\\\/en\\\/#\\\/schema\\\/logo\\\/image\\\/\",\"url\":\"https:\\\/\\\/camera-austria.at\\\/wp-content\\\/uploads\\\/2022\\\/02\\\/logo.png\",\"contentUrl\":\"https:\\\/\\\/camera-austria.at\\\/wp-content\\\/uploads\\\/2022\\\/02\\\/logo.png\",\"width\":399,\"height\":59,\"caption\":\"Camera Austria\"},\"image\":{\"@id\":\"https:\\\/\\\/camera-austria.at\\\/en\\\/#\\\/schema\\\/logo\\\/image\\\/\"},\"sameAs\":[\"https:\\\/\\\/www.facebook.com\\\/Camera.Austria\",\"https:\\\/\\\/www.instagram.com\\\/cameraaustriagraz\\\/\"]},{\"@type\":\"Person\",\"@id\":\"https:\\\/\\\/camera-austria.at\\\/en\\\/#\\\/schema\\\/person\\\/79fbd5c5423c329fd8aa6512a8f8cf7c\",\"name\":\"CameraAustria\",\"url\":\"https:\\\/\\\/camera-austria.at\\\/en\\\/author\\\/cameraaustria\\\/\"}]}<\/script>\n<!-- \/ Yoast SEO plugin. -->","yoast_head_json":{"title":"with\/against the flow. Zeitgen\u00f6ssische fotografische Interventionen - Camera Austria","robots":{"index":"index","follow":"follow","max-snippet":"max-snippet:-1","max-image-preview":"max-image-preview:large","max-video-preview":"max-video-preview:-1"},"canonical":"https:\/\/camera-austria.at\/en\/2016\/05\/withagainst-the-flow-zeitgenossische-fotografische-interventionen\/","og_locale":"en_US","og_type":"article","og_title":"with\/against the flow. Zeitgen\u00f6ssische fotografische Interventionen - Camera Austria","og_description":"ifa-Ausstellungsreihe zu zeitgen\u00f6ssischer Fotografie aus Deutschland beginnt mit Positionen von Viktoria Binschtok und Michael Sch\u00e4fer im Heidelberger Kunstverein 18. 6. \u2013 28. 8. 2016, Heidelberger Kunstverein Hauptstra\u00dfe 97, 69117 Heidelberg Wir leben im Zeitalter der Bilder: Fotografien dominieren Nachrichten- und Informationskan\u00e4le, kommen immer \u00f6fter aus der Handykamera und verbreiten sich schneeballartig im Netz. Als Auftakt [&hellip;]","og_url":"https:\/\/camera-austria.at\/en\/2016\/05\/withagainst-the-flow-zeitgenossische-fotografische-interventionen\/","og_site_name":"Camera Austria","article_publisher":"https:\/\/www.facebook.com\/Camera.Austria","article_published_time":"2016-05-30T08:33:48+00:00","og_image":[{"width":629,"height":491,"url":"https:\/\/camera-austria.at\/wp-content\/uploads\/2012\/11\/ca_ueber-uns_aussenansicht_spiluttini.jpg","type":"image\/jpeg"}],"author":"CameraAustria","twitter_card":"summary_large_image","twitter_misc":{"Written by":"CameraAustria","Est. reading time":"2 minutes"},"schema":{"@context":"https:\/\/schema.org","@graph":[{"@type":"Article","@id":"https:\/\/camera-austria.at\/en\/2016\/05\/withagainst-the-flow-zeitgenossische-fotografische-interventionen\/#article","isPartOf":{"@id":"https:\/\/camera-austria.at\/en\/2016\/05\/withagainst-the-flow-zeitgenossische-fotografische-interventionen\/"},"author":{"name":"CameraAustria","@id":"https:\/\/camera-austria.at\/en\/#\/schema\/person\/79fbd5c5423c329fd8aa6512a8f8cf7c"},"headline":"with\/against the flow. Zeitgen\u00f6ssische fotografische Interventionen","datePublished":"2016-05-30T08:33:48+00:00","mainEntityOfPage":{"@id":"https:\/\/camera-austria.at\/en\/2016\/05\/withagainst-the-flow-zeitgenossische-fotografische-interventionen\/"},"wordCount":404,"publisher":{"@id":"https:\/\/camera-austria.at\/en\/#organization"},"articleSection":["Redaktion"],"inLanguage":"en-US"},{"@type":"WebPage","@id":"https:\/\/camera-austria.at\/en\/2016\/05\/withagainst-the-flow-zeitgenossische-fotografische-interventionen\/","url":"https:\/\/camera-austria.at\/en\/2016\/05\/withagainst-the-flow-zeitgenossische-fotografische-interventionen\/","name":"with\/against the flow. Zeitgen\u00f6ssische fotografische Interventionen - Camera Austria","isPartOf":{"@id":"https:\/\/camera-austria.at\/en\/#website"},"datePublished":"2016-05-30T08:33:48+00:00","breadcrumb":{"@id":"https:\/\/camera-austria.at\/en\/2016\/05\/withagainst-the-flow-zeitgenossische-fotografische-interventionen\/#breadcrumb"},"inLanguage":"en-US","potentialAction":[{"@type":"ReadAction","target":["https:\/\/camera-austria.at\/en\/2016\/05\/withagainst-the-flow-zeitgenossische-fotografische-interventionen\/"]}]},{"@type":"BreadcrumbList","@id":"https:\/\/camera-austria.at\/en\/2016\/05\/withagainst-the-flow-zeitgenossische-fotografische-interventionen\/#breadcrumb","itemListElement":[{"@type":"ListItem","position":1,"name":"Home","item":"https:\/\/camera-austria.at\/en\/"},{"@type":"ListItem","position":2,"name":"with\/against the flow. Zeitgen\u00f6ssische fotografische Interventionen"}]},{"@type":"WebSite","@id":"https:\/\/camera-austria.at\/en\/#website","url":"https:\/\/camera-austria.at\/en\/","name":"Camera Austria","description":"","publisher":{"@id":"https:\/\/camera-austria.at\/en\/#organization"},"potentialAction":[{"@type":"SearchAction","target":{"@type":"EntryPoint","urlTemplate":"https:\/\/camera-austria.at\/en\/?s={search_term_string}"},"query-input":{"@type":"PropertyValueSpecification","valueRequired":true,"valueName":"search_term_string"}}],"inLanguage":"en-US"},{"@type":"Organization","@id":"https:\/\/camera-austria.at\/en\/#organization","name":"Camera Austria","url":"https:\/\/camera-austria.at\/en\/","logo":{"@type":"ImageObject","inLanguage":"en-US","@id":"https:\/\/camera-austria.at\/en\/#\/schema\/logo\/image\/","url":"https:\/\/camera-austria.at\/wp-content\/uploads\/2022\/02\/logo.png","contentUrl":"https:\/\/camera-austria.at\/wp-content\/uploads\/2022\/02\/logo.png","width":399,"height":59,"caption":"Camera Austria"},"image":{"@id":"https:\/\/camera-austria.at\/en\/#\/schema\/logo\/image\/"},"sameAs":["https:\/\/www.facebook.com\/Camera.Austria","https:\/\/www.instagram.com\/cameraaustriagraz\/"]},{"@type":"Person","@id":"https:\/\/camera-austria.at\/en\/#\/schema\/person\/79fbd5c5423c329fd8aa6512a8f8cf7c","name":"CameraAustria","url":"https:\/\/camera-austria.at\/en\/author\/cameraaustria\/"}]}},"_links":{"self":[{"href":"https:\/\/camera-austria.at\/en\/wp-json\/wp\/v2\/posts\/35475","targetHints":{"allow":["GET"]}}],"collection":[{"href":"https:\/\/camera-austria.at\/en\/wp-json\/wp\/v2\/posts"}],"about":[{"href":"https:\/\/camera-austria.at\/en\/wp-json\/wp\/v2\/types\/post"}],"author":[{"embeddable":true,"href":"https:\/\/camera-austria.at\/en\/wp-json\/wp\/v2\/users\/2"}],"replies":[{"embeddable":true,"href":"https:\/\/camera-austria.at\/en\/wp-json\/wp\/v2\/comments?post=35475"}],"version-history":[{"count":0,"href":"https:\/\/camera-austria.at\/en\/wp-json\/wp\/v2\/posts\/35475\/revisions"}],"wp:attachment":[{"href":"https:\/\/camera-austria.at\/en\/wp-json\/wp\/v2\/media?parent=35475"}],"wp:term":[{"taxonomy":"category","embeddable":true,"href":"https:\/\/camera-austria.at\/en\/wp-json\/wp\/v2\/categories?post=35475"},{"taxonomy":"post_tag","embeddable":true,"href":"https:\/\/camera-austria.at\/en\/wp-json\/wp\/v2\/tags?post=35475"}],"curies":[{"name":"wp","href":"https:\/\/api.w.org\/{rel}","templated":true}]}}