{"id":37864,"date":"2017-02-15T20:33:41","date_gmt":"2017-02-15T19:33:41","guid":{"rendered":"http:\/\/camera-austria.at\/?p=37864"},"modified":"2017-02-15T20:33:41","modified_gmt":"2017-02-15T19:33:41","slug":"symposium-allan-sekula-from-the-panorama-to-the-detail","status":"publish","type":"post","link":"https:\/\/camera-austria.at\/en\/2017\/02\/symposium-allan-sekula-from-the-panorama-to-the-detail\/","title":{"rendered":"Symposium: Allan Sekula. From the Panorama to the Detail"},"content":{"rendered":"<p>February 21\u201322, 2017, <a href=\"https:\/\/www.tba21.org\/#item--sekulasymposium--1555\">TBA21<\/a>, Augarten, Vienna<\/p>\n<div id=\"content_column_left\" class=\"content_column\">\n<div class=\"module module_text\"><strong><em>Allan Sekula: From the Panorama to the Detail<\/em> <\/strong>brings together various thinkers, historians, artists, and curators to discursively unpack the oceanic themes addressed in the exhibition <em>Allan Sekula: OKEANOS\u200b<\/em> and to expand and update some of the sociopolitical and environmental topics engaged by Sekula\u2019s work. Marking the twentieth anniversary of the Camera Austria Symposium on Photography, staged in 1996 and cocurated by Sekula, which focused on his seminal work <em>Fish Story<\/em>, this gathering, held in 2017, again foregrounds the urgency of the artist\u2019s work and in particular the way it can still be used as a lens through which to form a pertinent critique shedding light on the most pressing issues at hand today.<\/p>\n<p>\u201c<em>Fish Story<\/em> follows two interwoven strands,\u201d Sekula wrote in 1997, \u201cboth of which turn around questions of liminality and flux. First, it is a \u2018documentary\u2019 reading of contemporary maritime space. As both sea and land are progressively \u2018rationalized\u2019 by increasingly sophisticated industrial methods, does the \u2018classic\u2019 relation between terrestrial space and maritime space undergo a reversal? Does the sea become fixed and the land fluid? Second, <em>Fish Story<\/em> is an \u2018art historical\u2019 allegory of the sea as an object of representation. How does the sea \u2018disappear\u2019 from the cognitive and imaginative horizon of late modernity? Are there broader lessons to be drawn from this disappearance?\u201d (<em>Camera Austria<\/em>, no. 59\/60, p. 53)<\/p>\n<p>Thinking and debating through three thematically linked panels, each of which includes and diverges from aspects of Sekula\u2019s multifaceted output, and through a series of case studies tied to the investigation of the oceanic space, the symposium analyzes Sekula\u2019s legacy from a variety of positions and seeks to contribute to its ongoing epistemological trajectory. The symposium also presents research conducted by The Current, TBA21\u2013Academy\u2019s itinerant exploratory fellowship program based in the Pacific, thereby linking TBA21\u2019s divergent research activities. These framings are meant to carve out a space for discussion around the critical capacity for Sekula\u2019s work in its historical, contemporary, and future contexts.<\/p>\n<p>*Symposium held in English<\/p><\/div>\n<div class=\"module module_headline\">Day 1 Tuesday, February 21 \u00a03\u20137 pm<\/div>\n<div class=\"module module_text\">3 pm<br \/>\nPanel: <strong>Environmentalism and the Sea<\/strong><br \/>\nParticipants: <strong>Sabine Breitwieser, Carles Guerra Rojas, Francesca von Habsburg, and Gabriele Mackert <\/strong><br \/>\nModerated by <strong>Daniela Zyman<\/strong><\/p>\n<p>This panel examines natural and man-made disasters, exploitation, and their environmental and social impacts. It is grounded in Sekula\u2019s series Black Tide \/ Marea Negra, a work that documents the aftermath of the <em>Prestige<\/em> oil spill in 2002, a disastrous event resulting from the sinking of an oil tanker, which released 81,000 tons of oil into the ocean off the coast of Galicia, Spain. Using Sekula\u2019s dictum on the oceans as a \u201cforgotten space,\u201d which disappeared from the cognitive and imaginative horizon of late modernity, the discussion addresses recent analysis of the oceanic space in the framework of the Anthropocene, asking what changes in the sea could mean for the future of the planet.<\/p>\n<p>4:30 pm<br \/>\nCase Study #1: <strong>Nabil Ahmed <\/strong><br \/>\n<strong>Inter-Pacific Tribunal (INTERPRT), Nuclear Pacific <\/strong><br \/>\nFollowed by conversation between <strong>Nabil Ahmed, Georg Eder, Markus Reymann, and Lisa Tabassi, among others.<\/strong><\/p>\n<p>The Inter-Pacific Ring Tribunal (Interprt) is an interdisciplinary project initiated by Nabil Ahmed for an alternative commission of inquiry to investigate patterns of environmental violence in the Pacific region associated with activities such as land-based mining, deep-sea mining, and nuclear weapons testing; their legality; and their impact on sovereignty. The project traces the Pacific ring of fire as an unstable and contingent frontier of human and more-than-human capitalist relations and proposes the design of an alternative tribunal for ecological justice. Ahmed\u2019s presentation is followed by a conversation with experts including Lisa Tabassi, who from 2007 to 2014 served as chief of legal services for the Preparatory Commission for the Comprehensive Nuclear-Test-Ban Treaty Organization (CTBTO) and specializes in disarmament law.<\/p>\n<p>Nabil Ahmed was a fellow of Ute Meta Bauer\u2019s expeditions to Papua New Guinea (2015) and French Polynesia (2016) as part of The Current, TBA21\u2013Academy\u2019s itinerant exploratory fellowship program based in the Pacific. Working collaboratively across disciplines, the program merges the diverse approaches of artists, curators, scientists, and researchers, encouraging them to find innovative ways of addressing climate change.<\/p>\n<p>6:30 pm<br \/>\n<strong>Sally Stein, Ina Steiner, and <\/strong><strong>Jeroen Verbeeck in conversation<\/strong><br \/>\n<strong>Back to the Drawing Board<\/strong><br \/>\nMaritime themes and discursive crosscurrents in Sekula\u2019s Notebooks<\/p>\n<p>Photo historian Sally Stein presents excerpts from a collection of Sekula\u2019s personal notebooks and contextualizes her research in discussion with Sekula\u2019s longtime archivist, Ina Steiner, and Sekula researcher Jeroen Verbeeck. These notebooks contain sketches, mind maps, ideas, and notes and were made in conjunction with Sekula\u2019s artistic output, including as a logbook of his extensive travels.<\/p><\/div>\n<\/div>\n<div id=\"content_column_right\" class=\"content_column\">\n<div class=\"module module_download\">\n<div class=\"module_download_field\">Download Program<\/div>\n<\/div>\n<div class=\"module module_bulletpoint\">\n<div class=\"enum_head\">Participants<\/div>\n<div class=\"enum_body\">Nabil Ahmed, Sabine Breitwieser, Georg Eder, Carles Guerra Rojas, Francesca von Habsburg, Gabriele Mackert, Hermann M\u00fcckler, Boris Ondrei\u010dka, Florian Pumh\u00f6sl, Clemens Rettenbacher, Markus Reymann, Harry Sanderson, Anja Isabel Schneider, Florian Schneider, Cory Scozzari, Andreas Spiegl, Sally Stein, Ina Steiner, Lisa Tabassi, Jeroen Verbeeck, Manuel Vergara Cespedes, Mercedes Vicente, Daniela Zyman<\/div>\n<\/div>\n<div class=\"module module_bulletpoint\">\n<div class=\"enum_head\">Curated By<\/div>\n<div class=\"enum_body\">Daniela Zyman<\/div>\n<\/div>\n<div class=\"module module_bulletpoint\">\n<div class=\"enum_head\">Assistant Curator<\/div>\n<div class=\"enum_body\">Cory Scozzari<\/div>\n<\/div>\n<div class=\"module module_bulletpoint\">\n<div class=\"enum_head\">Location<\/div>\n<div class=\"enum_body\">TBA21\u2013Augarten, Scherzergasse 1A, 1020 Vienna, Austria<\/div>\n<\/div>\n<div class=\"module module_headline\">Day 2 Wednesday, February 22 \u00a03-8 pm<\/div>\n<div class=\"module module_text\">3 pm<br \/>\nPanel: <strong>Mutiny and Solidarity<\/strong><br \/>\nParticipants:<strong> Hermann M\u00fcckler, Boris Ondrei\u010dka, Harry Sanderson, and <\/strong><strong>Jeroen Verbeeck<\/strong><br \/>\nModerated by <strong>Cory Scozzari and Daniela Zyman<\/strong><\/p>\n<p>This panel investigates the (in)visibility and interchangeable materiality of labor; examines the spatial, infrastructural, and economic transformations of maritime economies (and their symmetrical land-based production sites); and inquires into the role of documentation and documentary. Taking as a starting point Sekula&#8217;s investigation of the term <em>critical realism<\/em>, it brings together practitioners to discuss his ideas and their own artistic or research-based projects. It addresses notions of mutiny and solidarity in creating sea-based narratives of heterotopia, expanding the notion of labor to include recent shifts in production chains as a result of technological transformations (like mining for rare-earth minerals) and looking at the relationship between the sea and dark ecology.<\/p>\n<p>4:30 pm<br \/>\nCase Study #2: screening of <strong><em>The Left-to-Die Boat<\/em>, 2015 (17 min., directed by Charles Heller and Lorenzo Pezzani)<\/strong><br \/>\nWith an introduction by <strong>Cory Scozzari and Clemens Rettenbacher<\/strong><\/p>\n<p>The Forensic Oceanography project was launched in summer 2011 to support a coalition of NGOs demanding accountability for the deaths of migrants in the central Mediterranean Sea while that region was being tightly monitored by the NATO-led coalition intervening in Libya. The efforts were focused on what is now known as the \u201cleft-to-die boat\u201d case, in which sixty-three migrants lost their lives while drifting for fourteen days within the NATO maritime surveillance area. (from Forensic Oceanography)<\/p>\n<p>5 pm<br \/>\n<strong>Mercedes Vicente<\/strong><br \/>\n<strong>Lottery of the Sea<\/strong><\/p>\n<p>6 pm<br \/>\nPanel: <strong>Waterlogged: Film and Photography and the Sea<\/strong><br \/>\n<strong>Participants: <\/strong><strong>Florian Pumh\u00f6sl, Anja Isabel Schneider, Florian Schneider, \u00a0Andreas Spiegl, and <\/strong><strong>Mercedes Vicente<\/strong><br \/>\nModerated by <strong>Cory Scozzari<\/strong><\/p>\n<p>Sekula employed film and the photographic medium to document the maritime space in the form of a hybrid \u201cparaliterary reportage.\u201d This aquatic dimension is further expanded to discuss the use of water in cinema and photography through works that use the sea as a stand-in for sublimity or use liquidity and flux to describe shape-shifting economic policy. The panel includes an analysis of <em>Lottery of the Sea<\/em> (2006), a filmic work included in the exhibition, and also explores the historical legacy of realism, outlining the ways in which Sekula\u2019s photographic and filmic work both broke with this tradition and continued aspects of it.<\/div>\n<\/div>\n","protected":false},"excerpt":{"rendered":"<p>February 21\u201322, 2017, TBA21, Augarten, Vienna Allan Sekula: From the Panorama to the Detail brings together various thinkers, historians, artists, and curators to discursively unpack the oceanic themes addressed in the exhibition Allan Sekula: OKEANOS\u200b and to expand and update some of the sociopolitical and environmental topics engaged by Sekula\u2019s work. Marking the twentieth anniversary [&hellip;]<\/p>\n","protected":false},"author":2,"featured_media":0,"comment_status":"closed","ping_status":"closed","sticky":false,"template":"","format":"standard","meta":{"_acf_changed":false,"footnotes":""},"categories":[32,1],"tags":[],"class_list":["post-37864","post","type-post","status-publish","format-standard","hentry","category-redaktion-en","category-redaktion"],"acf":[],"yoast_head":"<!-- This site is optimized with the Yoast SEO plugin v27.4 - https:\/\/yoast.com\/product\/yoast-seo-wordpress\/ -->\n<title>Symposium: Allan Sekula. From the Panorama to the Detail - Camera Austria<\/title>\n<meta name=\"robots\" content=\"index, follow, max-snippet:-1, max-image-preview:large, max-video-preview:-1\" \/>\n<link rel=\"canonical\" href=\"https:\/\/camera-austria.at\/en\/2017\/02\/symposium-allan-sekula-from-the-panorama-to-the-detail\/\" \/>\n<meta property=\"og:locale\" content=\"en_US\" \/>\n<meta property=\"og:type\" content=\"article\" \/>\n<meta property=\"og:title\" content=\"Symposium: Allan Sekula. From the Panorama to the Detail - Camera Austria\" \/>\n<meta property=\"og:description\" content=\"February 21\u201322, 2017, TBA21, Augarten, Vienna Allan Sekula: From the Panorama to the Detail brings together various thinkers, historians, artists, and curators to discursively unpack the oceanic themes addressed in the exhibition Allan Sekula: OKEANOS\u200b and to expand and update some of the sociopolitical and environmental topics engaged by Sekula\u2019s work. Marking the twentieth anniversary [&hellip;]\" \/>\n<meta property=\"og:url\" content=\"https:\/\/camera-austria.at\/en\/2017\/02\/symposium-allan-sekula-from-the-panorama-to-the-detail\/\" \/>\n<meta property=\"og:site_name\" content=\"Camera Austria\" \/>\n<meta property=\"article:publisher\" content=\"https:\/\/www.facebook.com\/Camera.Austria\" \/>\n<meta property=\"article:published_time\" content=\"2017-02-15T19:33:41+00:00\" \/>\n<meta property=\"og:image\" content=\"https:\/\/camera-austria.at\/wp-content\/uploads\/2012\/11\/ca_ueber-uns_aussenansicht_spiluttini.jpg\" \/>\n\t<meta property=\"og:image:width\" content=\"629\" \/>\n\t<meta property=\"og:image:height\" content=\"491\" \/>\n\t<meta property=\"og:image:type\" content=\"image\/jpeg\" \/>\n<meta name=\"author\" content=\"CameraAustria\" \/>\n<meta name=\"twitter:card\" content=\"summary_large_image\" \/>\n<meta name=\"twitter:label1\" content=\"Written by\" \/>\n\t<meta name=\"twitter:data1\" content=\"CameraAustria\" \/>\n\t<meta name=\"twitter:label2\" content=\"Est. reading time\" \/>\n\t<meta name=\"twitter:data2\" content=\"6 minutes\" \/>\n<script type=\"application\/ld+json\" class=\"yoast-schema-graph\">{\"@context\":\"https:\\\/\\\/schema.org\",\"@graph\":[{\"@type\":\"Article\",\"@id\":\"https:\\\/\\\/camera-austria.at\\\/en\\\/2017\\\/02\\\/symposium-allan-sekula-from-the-panorama-to-the-detail\\\/#article\",\"isPartOf\":{\"@id\":\"https:\\\/\\\/camera-austria.at\\\/en\\\/2017\\\/02\\\/symposium-allan-sekula-from-the-panorama-to-the-detail\\\/\"},\"author\":{\"name\":\"CameraAustria\",\"@id\":\"https:\\\/\\\/camera-austria.at\\\/en\\\/#\\\/schema\\\/person\\\/79fbd5c5423c329fd8aa6512a8f8cf7c\"},\"headline\":\"Symposium: Allan Sekula. From the Panorama to the Detail\",\"datePublished\":\"2017-02-15T19:33:41+00:00\",\"mainEntityOfPage\":{\"@id\":\"https:\\\/\\\/camera-austria.at\\\/en\\\/2017\\\/02\\\/symposium-allan-sekula-from-the-panorama-to-the-detail\\\/\"},\"wordCount\":1221,\"publisher\":{\"@id\":\"https:\\\/\\\/camera-austria.at\\\/en\\\/#organization\"},\"articleSection\":[\"Redaktion\",\"Redaktion\"],\"inLanguage\":\"en-US\"},{\"@type\":\"WebPage\",\"@id\":\"https:\\\/\\\/camera-austria.at\\\/en\\\/2017\\\/02\\\/symposium-allan-sekula-from-the-panorama-to-the-detail\\\/\",\"url\":\"https:\\\/\\\/camera-austria.at\\\/en\\\/2017\\\/02\\\/symposium-allan-sekula-from-the-panorama-to-the-detail\\\/\",\"name\":\"Symposium: Allan Sekula. From the Panorama to the Detail - Camera Austria\",\"isPartOf\":{\"@id\":\"https:\\\/\\\/camera-austria.at\\\/en\\\/#website\"},\"datePublished\":\"2017-02-15T19:33:41+00:00\",\"breadcrumb\":{\"@id\":\"https:\\\/\\\/camera-austria.at\\\/en\\\/2017\\\/02\\\/symposium-allan-sekula-from-the-panorama-to-the-detail\\\/#breadcrumb\"},\"inLanguage\":\"en-US\",\"potentialAction\":[{\"@type\":\"ReadAction\",\"target\":[\"https:\\\/\\\/camera-austria.at\\\/en\\\/2017\\\/02\\\/symposium-allan-sekula-from-the-panorama-to-the-detail\\\/\"]}]},{\"@type\":\"BreadcrumbList\",\"@id\":\"https:\\\/\\\/camera-austria.at\\\/en\\\/2017\\\/02\\\/symposium-allan-sekula-from-the-panorama-to-the-detail\\\/#breadcrumb\",\"itemListElement\":[{\"@type\":\"ListItem\",\"position\":1,\"name\":\"Home\",\"item\":\"https:\\\/\\\/camera-austria.at\\\/en\\\/\"},{\"@type\":\"ListItem\",\"position\":2,\"name\":\"Symposium: Allan Sekula. From the Panorama to the Detail\"}]},{\"@type\":\"WebSite\",\"@id\":\"https:\\\/\\\/camera-austria.at\\\/en\\\/#website\",\"url\":\"https:\\\/\\\/camera-austria.at\\\/en\\\/\",\"name\":\"Camera Austria\",\"description\":\"\",\"publisher\":{\"@id\":\"https:\\\/\\\/camera-austria.at\\\/en\\\/#organization\"},\"potentialAction\":[{\"@type\":\"SearchAction\",\"target\":{\"@type\":\"EntryPoint\",\"urlTemplate\":\"https:\\\/\\\/camera-austria.at\\\/en\\\/?s={search_term_string}\"},\"query-input\":{\"@type\":\"PropertyValueSpecification\",\"valueRequired\":true,\"valueName\":\"search_term_string\"}}],\"inLanguage\":\"en-US\"},{\"@type\":\"Organization\",\"@id\":\"https:\\\/\\\/camera-austria.at\\\/en\\\/#organization\",\"name\":\"Camera Austria\",\"url\":\"https:\\\/\\\/camera-austria.at\\\/en\\\/\",\"logo\":{\"@type\":\"ImageObject\",\"inLanguage\":\"en-US\",\"@id\":\"https:\\\/\\\/camera-austria.at\\\/en\\\/#\\\/schema\\\/logo\\\/image\\\/\",\"url\":\"https:\\\/\\\/camera-austria.at\\\/wp-content\\\/uploads\\\/2022\\\/02\\\/logo.png\",\"contentUrl\":\"https:\\\/\\\/camera-austria.at\\\/wp-content\\\/uploads\\\/2022\\\/02\\\/logo.png\",\"width\":399,\"height\":59,\"caption\":\"Camera Austria\"},\"image\":{\"@id\":\"https:\\\/\\\/camera-austria.at\\\/en\\\/#\\\/schema\\\/logo\\\/image\\\/\"},\"sameAs\":[\"https:\\\/\\\/www.facebook.com\\\/Camera.Austria\",\"https:\\\/\\\/www.instagram.com\\\/cameraaustriagraz\\\/\"]},{\"@type\":\"Person\",\"@id\":\"https:\\\/\\\/camera-austria.at\\\/en\\\/#\\\/schema\\\/person\\\/79fbd5c5423c329fd8aa6512a8f8cf7c\",\"name\":\"CameraAustria\",\"url\":\"https:\\\/\\\/camera-austria.at\\\/en\\\/author\\\/cameraaustria\\\/\"}]}<\/script>\n<!-- \/ Yoast SEO plugin. -->","yoast_head_json":{"title":"Symposium: Allan Sekula. From the Panorama to the Detail - Camera Austria","robots":{"index":"index","follow":"follow","max-snippet":"max-snippet:-1","max-image-preview":"max-image-preview:large","max-video-preview":"max-video-preview:-1"},"canonical":"https:\/\/camera-austria.at\/en\/2017\/02\/symposium-allan-sekula-from-the-panorama-to-the-detail\/","og_locale":"en_US","og_type":"article","og_title":"Symposium: Allan Sekula. From the Panorama to the Detail - Camera Austria","og_description":"February 21\u201322, 2017, TBA21, Augarten, Vienna Allan Sekula: From the Panorama to the Detail brings together various thinkers, historians, artists, and curators to discursively unpack the oceanic themes addressed in the exhibition Allan Sekula: OKEANOS\u200b and to expand and update some of the sociopolitical and environmental topics engaged by Sekula\u2019s work. Marking the twentieth anniversary [&hellip;]","og_url":"https:\/\/camera-austria.at\/en\/2017\/02\/symposium-allan-sekula-from-the-panorama-to-the-detail\/","og_site_name":"Camera Austria","article_publisher":"https:\/\/www.facebook.com\/Camera.Austria","article_published_time":"2017-02-15T19:33:41+00:00","og_image":[{"width":629,"height":491,"url":"https:\/\/camera-austria.at\/wp-content\/uploads\/2012\/11\/ca_ueber-uns_aussenansicht_spiluttini.jpg","type":"image\/jpeg"}],"author":"CameraAustria","twitter_card":"summary_large_image","twitter_misc":{"Written by":"CameraAustria","Est. reading time":"6 minutes"},"schema":{"@context":"https:\/\/schema.org","@graph":[{"@type":"Article","@id":"https:\/\/camera-austria.at\/en\/2017\/02\/symposium-allan-sekula-from-the-panorama-to-the-detail\/#article","isPartOf":{"@id":"https:\/\/camera-austria.at\/en\/2017\/02\/symposium-allan-sekula-from-the-panorama-to-the-detail\/"},"author":{"name":"CameraAustria","@id":"https:\/\/camera-austria.at\/en\/#\/schema\/person\/79fbd5c5423c329fd8aa6512a8f8cf7c"},"headline":"Symposium: Allan Sekula. From the Panorama to the Detail","datePublished":"2017-02-15T19:33:41+00:00","mainEntityOfPage":{"@id":"https:\/\/camera-austria.at\/en\/2017\/02\/symposium-allan-sekula-from-the-panorama-to-the-detail\/"},"wordCount":1221,"publisher":{"@id":"https:\/\/camera-austria.at\/en\/#organization"},"articleSection":["Redaktion","Redaktion"],"inLanguage":"en-US"},{"@type":"WebPage","@id":"https:\/\/camera-austria.at\/en\/2017\/02\/symposium-allan-sekula-from-the-panorama-to-the-detail\/","url":"https:\/\/camera-austria.at\/en\/2017\/02\/symposium-allan-sekula-from-the-panorama-to-the-detail\/","name":"Symposium: Allan Sekula. From the Panorama to the Detail - Camera Austria","isPartOf":{"@id":"https:\/\/camera-austria.at\/en\/#website"},"datePublished":"2017-02-15T19:33:41+00:00","breadcrumb":{"@id":"https:\/\/camera-austria.at\/en\/2017\/02\/symposium-allan-sekula-from-the-panorama-to-the-detail\/#breadcrumb"},"inLanguage":"en-US","potentialAction":[{"@type":"ReadAction","target":["https:\/\/camera-austria.at\/en\/2017\/02\/symposium-allan-sekula-from-the-panorama-to-the-detail\/"]}]},{"@type":"BreadcrumbList","@id":"https:\/\/camera-austria.at\/en\/2017\/02\/symposium-allan-sekula-from-the-panorama-to-the-detail\/#breadcrumb","itemListElement":[{"@type":"ListItem","position":1,"name":"Home","item":"https:\/\/camera-austria.at\/en\/"},{"@type":"ListItem","position":2,"name":"Symposium: Allan Sekula. From the Panorama to the Detail"}]},{"@type":"WebSite","@id":"https:\/\/camera-austria.at\/en\/#website","url":"https:\/\/camera-austria.at\/en\/","name":"Camera Austria","description":"","publisher":{"@id":"https:\/\/camera-austria.at\/en\/#organization"},"potentialAction":[{"@type":"SearchAction","target":{"@type":"EntryPoint","urlTemplate":"https:\/\/camera-austria.at\/en\/?s={search_term_string}"},"query-input":{"@type":"PropertyValueSpecification","valueRequired":true,"valueName":"search_term_string"}}],"inLanguage":"en-US"},{"@type":"Organization","@id":"https:\/\/camera-austria.at\/en\/#organization","name":"Camera Austria","url":"https:\/\/camera-austria.at\/en\/","logo":{"@type":"ImageObject","inLanguage":"en-US","@id":"https:\/\/camera-austria.at\/en\/#\/schema\/logo\/image\/","url":"https:\/\/camera-austria.at\/wp-content\/uploads\/2022\/02\/logo.png","contentUrl":"https:\/\/camera-austria.at\/wp-content\/uploads\/2022\/02\/logo.png","width":399,"height":59,"caption":"Camera Austria"},"image":{"@id":"https:\/\/camera-austria.at\/en\/#\/schema\/logo\/image\/"},"sameAs":["https:\/\/www.facebook.com\/Camera.Austria","https:\/\/www.instagram.com\/cameraaustriagraz\/"]},{"@type":"Person","@id":"https:\/\/camera-austria.at\/en\/#\/schema\/person\/79fbd5c5423c329fd8aa6512a8f8cf7c","name":"CameraAustria","url":"https:\/\/camera-austria.at\/en\/author\/cameraaustria\/"}]}},"_links":{"self":[{"href":"https:\/\/camera-austria.at\/en\/wp-json\/wp\/v2\/posts\/37864","targetHints":{"allow":["GET"]}}],"collection":[{"href":"https:\/\/camera-austria.at\/en\/wp-json\/wp\/v2\/posts"}],"about":[{"href":"https:\/\/camera-austria.at\/en\/wp-json\/wp\/v2\/types\/post"}],"author":[{"embeddable":true,"href":"https:\/\/camera-austria.at\/en\/wp-json\/wp\/v2\/users\/2"}],"replies":[{"embeddable":true,"href":"https:\/\/camera-austria.at\/en\/wp-json\/wp\/v2\/comments?post=37864"}],"version-history":[{"count":1,"href":"https:\/\/camera-austria.at\/en\/wp-json\/wp\/v2\/posts\/37864\/revisions"}],"predecessor-version":[{"id":37865,"href":"https:\/\/camera-austria.at\/en\/wp-json\/wp\/v2\/posts\/37864\/revisions\/37865"}],"wp:attachment":[{"href":"https:\/\/camera-austria.at\/en\/wp-json\/wp\/v2\/media?parent=37864"}],"wp:term":[{"taxonomy":"category","embeddable":true,"href":"https:\/\/camera-austria.at\/en\/wp-json\/wp\/v2\/categories?post=37864"},{"taxonomy":"post_tag","embeddable":true,"href":"https:\/\/camera-austria.at\/en\/wp-json\/wp\/v2\/tags?post=37864"}],"curies":[{"name":"wp","href":"https:\/\/api.w.org\/{rel}","templated":true}]}}