{"id":39983,"date":"2017-09-20T11:14:42","date_gmt":"2017-09-20T09:14:42","guid":{"rendered":"http:\/\/camera-austria.at\/2017\/09\/exhibition-and-symposium-the-photographic-i-other-pictures-2\/"},"modified":"2017-10-11T16:04:09","modified_gmt":"2017-10-11T14:04:09","slug":"exhibition-and-symposium-the-photographic-i-other-pictures","status":"publish","type":"post","link":"https:\/\/camera-austria.at\/en\/2017\/09\/exhibition-and-symposium-the-photographic-i-other-pictures\/","title":{"rendered":"Exhibition and Symposium: The Photographic I. Other Pictures"},"content":{"rendered":"<p><a href=\"http:\/\/smak.be\/en\/exhibition\/10987\">S.M.A.K.<\/a>, Gent, 07. 10. 2017 \u2013 07. 01. 2018<\/p>\n<p>Symposium: 23. 11. \u2013 24. 11. 2017<\/p>\n<p><em>The Photographic I \u2013 Other Pictures<\/em> comprises work by artists and photographers including <em>Lewis Baltz, Tina Barney, Mohamed Bourouissa, Moyra Davey, Marc De Blieck, Sara Deraedt, Patrick Faigenbaum, Peter Fraser, Alair Gomes, Jitka Hanzlov\u00e1, Roni Horn, Stephanie Kiwitt, Aglaia Konrad, Jochen Lempert, Zoe Leonard, Jean-Luc Moul\u00e8ne, Zanele Muholi, Jean-Luc Mylayne, Trevor Paglen, Doug Rickard, Torbj\u00f8rn R\u00f8dland, Michael Schmidt, Arne Schmitt, Allan Sekula, Ahlam Shibli, Malick Sidib\u00e9, Danayata Singh, Wolfgang Tillmans, Marc Trivier, <\/em>and <em>Tobias Zielony<\/em>.<\/p>\n<p><em>The Photographic I \u2013 Other Pictures<\/em> is the first part of a diptych spread over two years. The exhibition comprises new and existing work by around 20 international artists and photographers ranging from the 1960s to the present.<\/p>\n<p>The selection demonstrates a lively interest in the power of the still image as a means of examining the world. It concentrates on indefinable images with an open view, whose multi-layering requires slow reading.<\/p>\n<p>John Szarkowski once formulated the familiar distinction between photos that act as a window on the world and photos intended to reflect their maker. <em>Other Pictures<\/em> demonstrates that photographic images can perform both functions at the same time: they focus on the world <em>and <\/em>they invariably approach their subject in a subjective and sensory manner.<\/p>\n<p>Photographic images not only show the world we live in, but are among its essential building blocks. New ways of producing and distributing images, and technological innovation in the civil and military spheres, make the medium repeatedly evolve in new directions and also seep into current artistic practice. The way photographers and artists handle these recent possibilities and challenges is one of the focal points of this exhibition.<\/p>\n<p>To accompany this presentation, Roma Publications Amsterdam are publishing an exhibition magazine.<\/p>\n<p><strong>Symposium on the 23th and 24th of November 2017<\/strong><\/p>\n<p>A symposium organised in association with the <em>Thinking Tools<\/em> research group (KASK Antwerp) is being held on Thursday 23 and Friday 24 November 2017. In a programme comprising lectures, talks by artists and portfolio viewings, national and international speakers present a picture of where photography currently stands in the field of contemporary art. More details will follow.<\/p>\n","protected":false},"excerpt":{"rendered":"<p>S.M.A.K., Gent, 07. 10. 2017 \u2013 07. 01. 2018 Symposium: 23. 11. \u2013 24. 11. 2017 The Photographic I \u2013 Other Pictures comprises work by artists and photographers including Lewis Baltz, Tina Barney, Mohamed Bourouissa, Moyra Davey, Marc De Blieck, Sara Deraedt, Patrick Faigenbaum, Peter Fraser, Alair Gomes, Jitka Hanzlov\u00e1, Roni Horn, Stephanie Kiwitt, Aglaia [&hellip;]<\/p>\n","protected":false},"author":2,"featured_media":0,"comment_status":"closed","ping_status":"closed","sticky":false,"template":"","format":"standard","meta":{"_acf_changed":false,"footnotes":""},"categories":[32],"tags":[],"class_list":["post-39983","post","type-post","status-publish","format-standard","hentry","category-redaktion-en"],"acf":[],"yoast_head":"<!-- This site is optimized with the Yoast SEO plugin v27.4 - https:\/\/yoast.com\/product\/yoast-seo-wordpress\/ -->\n<title>Exhibition and Symposium: The Photographic I. Other Pictures - Camera Austria<\/title>\n<meta name=\"robots\" content=\"index, follow, max-snippet:-1, max-image-preview:large, max-video-preview:-1\" \/>\n<link rel=\"canonical\" href=\"https:\/\/camera-austria.at\/en\/2017\/09\/exhibition-and-symposium-the-photographic-i-other-pictures\/\" \/>\n<meta property=\"og:locale\" content=\"en_US\" \/>\n<meta property=\"og:type\" content=\"article\" \/>\n<meta property=\"og:title\" content=\"Exhibition and Symposium: The Photographic I. Other Pictures - Camera Austria\" \/>\n<meta property=\"og:description\" content=\"S.M.A.K., Gent, 07. 10. 2017 \u2013 07. 01. 2018 Symposium: 23. 11. \u2013 24. 11. 2017 The Photographic I \u2013 Other Pictures comprises work by artists and photographers including Lewis Baltz, Tina Barney, Mohamed Bourouissa, Moyra Davey, Marc De Blieck, Sara Deraedt, Patrick Faigenbaum, Peter Fraser, Alair Gomes, Jitka Hanzlov\u00e1, Roni Horn, Stephanie Kiwitt, Aglaia [&hellip;]\" \/>\n<meta property=\"og:url\" content=\"https:\/\/camera-austria.at\/en\/2017\/09\/exhibition-and-symposium-the-photographic-i-other-pictures\/\" \/>\n<meta property=\"og:site_name\" content=\"Camera Austria\" \/>\n<meta property=\"article:publisher\" content=\"https:\/\/www.facebook.com\/Camera.Austria\" \/>\n<meta property=\"article:published_time\" content=\"2017-09-20T09:14:42+00:00\" \/>\n<meta property=\"article:modified_time\" content=\"2017-10-11T14:04:09+00:00\" \/>\n<meta property=\"og:image\" content=\"https:\/\/camera-austria.at\/wp-content\/uploads\/2012\/11\/ca_ueber-uns_aussenansicht_spiluttini.jpg\" \/>\n\t<meta property=\"og:image:width\" content=\"629\" \/>\n\t<meta property=\"og:image:height\" content=\"491\" \/>\n\t<meta property=\"og:image:type\" content=\"image\/jpeg\" \/>\n<meta name=\"author\" content=\"CameraAustria\" \/>\n<meta name=\"twitter:card\" content=\"summary_large_image\" \/>\n<meta name=\"twitter:label1\" content=\"Written by\" \/>\n\t<meta name=\"twitter:data1\" content=\"CameraAustria\" \/>\n\t<meta name=\"twitter:label2\" content=\"Est. reading time\" \/>\n\t<meta name=\"twitter:data2\" content=\"2 minutes\" \/>\n<script type=\"application\/ld+json\" class=\"yoast-schema-graph\">{\"@context\":\"https:\\\/\\\/schema.org\",\"@graph\":[{\"@type\":\"Article\",\"@id\":\"https:\\\/\\\/camera-austria.at\\\/en\\\/2017\\\/09\\\/exhibition-and-symposium-the-photographic-i-other-pictures\\\/#article\",\"isPartOf\":{\"@id\":\"https:\\\/\\\/camera-austria.at\\\/en\\\/2017\\\/09\\\/exhibition-and-symposium-the-photographic-i-other-pictures\\\/\"},\"author\":{\"name\":\"CameraAustria\",\"@id\":\"https:\\\/\\\/camera-austria.at\\\/en\\\/#\\\/schema\\\/person\\\/79fbd5c5423c329fd8aa6512a8f8cf7c\"},\"headline\":\"Exhibition and Symposium: The Photographic I. Other Pictures\",\"datePublished\":\"2017-09-20T09:14:42+00:00\",\"dateModified\":\"2017-10-11T14:04:09+00:00\",\"mainEntityOfPage\":{\"@id\":\"https:\\\/\\\/camera-austria.at\\\/en\\\/2017\\\/09\\\/exhibition-and-symposium-the-photographic-i-other-pictures\\\/\"},\"wordCount\":358,\"publisher\":{\"@id\":\"https:\\\/\\\/camera-austria.at\\\/en\\\/#organization\"},\"articleSection\":[\"Redaktion\"],\"inLanguage\":\"en-US\"},{\"@type\":\"WebPage\",\"@id\":\"https:\\\/\\\/camera-austria.at\\\/en\\\/2017\\\/09\\\/exhibition-and-symposium-the-photographic-i-other-pictures\\\/\",\"url\":\"https:\\\/\\\/camera-austria.at\\\/en\\\/2017\\\/09\\\/exhibition-and-symposium-the-photographic-i-other-pictures\\\/\",\"name\":\"Exhibition and Symposium: The Photographic I. Other Pictures - Camera Austria\",\"isPartOf\":{\"@id\":\"https:\\\/\\\/camera-austria.at\\\/en\\\/#website\"},\"datePublished\":\"2017-09-20T09:14:42+00:00\",\"dateModified\":\"2017-10-11T14:04:09+00:00\",\"breadcrumb\":{\"@id\":\"https:\\\/\\\/camera-austria.at\\\/en\\\/2017\\\/09\\\/exhibition-and-symposium-the-photographic-i-other-pictures\\\/#breadcrumb\"},\"inLanguage\":\"en-US\",\"potentialAction\":[{\"@type\":\"ReadAction\",\"target\":[\"https:\\\/\\\/camera-austria.at\\\/en\\\/2017\\\/09\\\/exhibition-and-symposium-the-photographic-i-other-pictures\\\/\"]}]},{\"@type\":\"BreadcrumbList\",\"@id\":\"https:\\\/\\\/camera-austria.at\\\/en\\\/2017\\\/09\\\/exhibition-and-symposium-the-photographic-i-other-pictures\\\/#breadcrumb\",\"itemListElement\":[{\"@type\":\"ListItem\",\"position\":1,\"name\":\"Home\",\"item\":\"https:\\\/\\\/camera-austria.at\\\/en\\\/\"},{\"@type\":\"ListItem\",\"position\":2,\"name\":\"Exhibition and Symposium: The Photographic I. Other Pictures\"}]},{\"@type\":\"WebSite\",\"@id\":\"https:\\\/\\\/camera-austria.at\\\/en\\\/#website\",\"url\":\"https:\\\/\\\/camera-austria.at\\\/en\\\/\",\"name\":\"Camera Austria\",\"description\":\"\",\"publisher\":{\"@id\":\"https:\\\/\\\/camera-austria.at\\\/en\\\/#organization\"},\"potentialAction\":[{\"@type\":\"SearchAction\",\"target\":{\"@type\":\"EntryPoint\",\"urlTemplate\":\"https:\\\/\\\/camera-austria.at\\\/en\\\/?s={search_term_string}\"},\"query-input\":{\"@type\":\"PropertyValueSpecification\",\"valueRequired\":true,\"valueName\":\"search_term_string\"}}],\"inLanguage\":\"en-US\"},{\"@type\":\"Organization\",\"@id\":\"https:\\\/\\\/camera-austria.at\\\/en\\\/#organization\",\"name\":\"Camera Austria\",\"url\":\"https:\\\/\\\/camera-austria.at\\\/en\\\/\",\"logo\":{\"@type\":\"ImageObject\",\"inLanguage\":\"en-US\",\"@id\":\"https:\\\/\\\/camera-austria.at\\\/en\\\/#\\\/schema\\\/logo\\\/image\\\/\",\"url\":\"https:\\\/\\\/camera-austria.at\\\/wp-content\\\/uploads\\\/2022\\\/02\\\/logo.png\",\"contentUrl\":\"https:\\\/\\\/camera-austria.at\\\/wp-content\\\/uploads\\\/2022\\\/02\\\/logo.png\",\"width\":399,\"height\":59,\"caption\":\"Camera Austria\"},\"image\":{\"@id\":\"https:\\\/\\\/camera-austria.at\\\/en\\\/#\\\/schema\\\/logo\\\/image\\\/\"},\"sameAs\":[\"https:\\\/\\\/www.facebook.com\\\/Camera.Austria\",\"https:\\\/\\\/www.instagram.com\\\/cameraaustriagraz\\\/\"]},{\"@type\":\"Person\",\"@id\":\"https:\\\/\\\/camera-austria.at\\\/en\\\/#\\\/schema\\\/person\\\/79fbd5c5423c329fd8aa6512a8f8cf7c\",\"name\":\"CameraAustria\",\"url\":\"https:\\\/\\\/camera-austria.at\\\/en\\\/author\\\/cameraaustria\\\/\"}]}<\/script>\n<!-- \/ Yoast SEO plugin. -->","yoast_head_json":{"title":"Exhibition and Symposium: The Photographic I. Other Pictures - Camera Austria","robots":{"index":"index","follow":"follow","max-snippet":"max-snippet:-1","max-image-preview":"max-image-preview:large","max-video-preview":"max-video-preview:-1"},"canonical":"https:\/\/camera-austria.at\/en\/2017\/09\/exhibition-and-symposium-the-photographic-i-other-pictures\/","og_locale":"en_US","og_type":"article","og_title":"Exhibition and Symposium: The Photographic I. Other Pictures - Camera Austria","og_description":"S.M.A.K., Gent, 07. 10. 2017 \u2013 07. 01. 2018 Symposium: 23. 11. \u2013 24. 11. 2017 The Photographic I \u2013 Other Pictures comprises work by artists and photographers including Lewis Baltz, Tina Barney, Mohamed Bourouissa, Moyra Davey, Marc De Blieck, Sara Deraedt, Patrick Faigenbaum, Peter Fraser, Alair Gomes, Jitka Hanzlov\u00e1, Roni Horn, Stephanie Kiwitt, Aglaia [&hellip;]","og_url":"https:\/\/camera-austria.at\/en\/2017\/09\/exhibition-and-symposium-the-photographic-i-other-pictures\/","og_site_name":"Camera Austria","article_publisher":"https:\/\/www.facebook.com\/Camera.Austria","article_published_time":"2017-09-20T09:14:42+00:00","article_modified_time":"2017-10-11T14:04:09+00:00","og_image":[{"width":629,"height":491,"url":"https:\/\/camera-austria.at\/wp-content\/uploads\/2012\/11\/ca_ueber-uns_aussenansicht_spiluttini.jpg","type":"image\/jpeg"}],"author":"CameraAustria","twitter_card":"summary_large_image","twitter_misc":{"Written by":"CameraAustria","Est. reading time":"2 minutes"},"schema":{"@context":"https:\/\/schema.org","@graph":[{"@type":"Article","@id":"https:\/\/camera-austria.at\/en\/2017\/09\/exhibition-and-symposium-the-photographic-i-other-pictures\/#article","isPartOf":{"@id":"https:\/\/camera-austria.at\/en\/2017\/09\/exhibition-and-symposium-the-photographic-i-other-pictures\/"},"author":{"name":"CameraAustria","@id":"https:\/\/camera-austria.at\/en\/#\/schema\/person\/79fbd5c5423c329fd8aa6512a8f8cf7c"},"headline":"Exhibition and Symposium: The Photographic I. Other Pictures","datePublished":"2017-09-20T09:14:42+00:00","dateModified":"2017-10-11T14:04:09+00:00","mainEntityOfPage":{"@id":"https:\/\/camera-austria.at\/en\/2017\/09\/exhibition-and-symposium-the-photographic-i-other-pictures\/"},"wordCount":358,"publisher":{"@id":"https:\/\/camera-austria.at\/en\/#organization"},"articleSection":["Redaktion"],"inLanguage":"en-US"},{"@type":"WebPage","@id":"https:\/\/camera-austria.at\/en\/2017\/09\/exhibition-and-symposium-the-photographic-i-other-pictures\/","url":"https:\/\/camera-austria.at\/en\/2017\/09\/exhibition-and-symposium-the-photographic-i-other-pictures\/","name":"Exhibition and Symposium: The Photographic I. Other Pictures - Camera Austria","isPartOf":{"@id":"https:\/\/camera-austria.at\/en\/#website"},"datePublished":"2017-09-20T09:14:42+00:00","dateModified":"2017-10-11T14:04:09+00:00","breadcrumb":{"@id":"https:\/\/camera-austria.at\/en\/2017\/09\/exhibition-and-symposium-the-photographic-i-other-pictures\/#breadcrumb"},"inLanguage":"en-US","potentialAction":[{"@type":"ReadAction","target":["https:\/\/camera-austria.at\/en\/2017\/09\/exhibition-and-symposium-the-photographic-i-other-pictures\/"]}]},{"@type":"BreadcrumbList","@id":"https:\/\/camera-austria.at\/en\/2017\/09\/exhibition-and-symposium-the-photographic-i-other-pictures\/#breadcrumb","itemListElement":[{"@type":"ListItem","position":1,"name":"Home","item":"https:\/\/camera-austria.at\/en\/"},{"@type":"ListItem","position":2,"name":"Exhibition and Symposium: The Photographic I. Other Pictures"}]},{"@type":"WebSite","@id":"https:\/\/camera-austria.at\/en\/#website","url":"https:\/\/camera-austria.at\/en\/","name":"Camera Austria","description":"","publisher":{"@id":"https:\/\/camera-austria.at\/en\/#organization"},"potentialAction":[{"@type":"SearchAction","target":{"@type":"EntryPoint","urlTemplate":"https:\/\/camera-austria.at\/en\/?s={search_term_string}"},"query-input":{"@type":"PropertyValueSpecification","valueRequired":true,"valueName":"search_term_string"}}],"inLanguage":"en-US"},{"@type":"Organization","@id":"https:\/\/camera-austria.at\/en\/#organization","name":"Camera Austria","url":"https:\/\/camera-austria.at\/en\/","logo":{"@type":"ImageObject","inLanguage":"en-US","@id":"https:\/\/camera-austria.at\/en\/#\/schema\/logo\/image\/","url":"https:\/\/camera-austria.at\/wp-content\/uploads\/2022\/02\/logo.png","contentUrl":"https:\/\/camera-austria.at\/wp-content\/uploads\/2022\/02\/logo.png","width":399,"height":59,"caption":"Camera Austria"},"image":{"@id":"https:\/\/camera-austria.at\/en\/#\/schema\/logo\/image\/"},"sameAs":["https:\/\/www.facebook.com\/Camera.Austria","https:\/\/www.instagram.com\/cameraaustriagraz\/"]},{"@type":"Person","@id":"https:\/\/camera-austria.at\/en\/#\/schema\/person\/79fbd5c5423c329fd8aa6512a8f8cf7c","name":"CameraAustria","url":"https:\/\/camera-austria.at\/en\/author\/cameraaustria\/"}]}},"_links":{"self":[{"href":"https:\/\/camera-austria.at\/en\/wp-json\/wp\/v2\/posts\/39983","targetHints":{"allow":["GET"]}}],"collection":[{"href":"https:\/\/camera-austria.at\/en\/wp-json\/wp\/v2\/posts"}],"about":[{"href":"https:\/\/camera-austria.at\/en\/wp-json\/wp\/v2\/types\/post"}],"author":[{"embeddable":true,"href":"https:\/\/camera-austria.at\/en\/wp-json\/wp\/v2\/users\/2"}],"replies":[{"embeddable":true,"href":"https:\/\/camera-austria.at\/en\/wp-json\/wp\/v2\/comments?post=39983"}],"version-history":[{"count":1,"href":"https:\/\/camera-austria.at\/en\/wp-json\/wp\/v2\/posts\/39983\/revisions"}],"predecessor-version":[{"id":40109,"href":"https:\/\/camera-austria.at\/en\/wp-json\/wp\/v2\/posts\/39983\/revisions\/40109"}],"wp:attachment":[{"href":"https:\/\/camera-austria.at\/en\/wp-json\/wp\/v2\/media?parent=39983"}],"wp:term":[{"taxonomy":"category","embeddable":true,"href":"https:\/\/camera-austria.at\/en\/wp-json\/wp\/v2\/categories?post=39983"},{"taxonomy":"post_tag","embeddable":true,"href":"https:\/\/camera-austria.at\/en\/wp-json\/wp\/v2\/tags?post=39983"}],"curies":[{"name":"wp","href":"https:\/\/api.w.org\/{rel}","templated":true}]}}