{"id":40068,"date":"2017-09-01T14:54:11","date_gmt":"2017-09-01T12:54:11","guid":{"rendered":"http:\/\/camera-austria.at\/?p=40068"},"modified":"2017-10-13T13:57:47","modified_gmt":"2017-10-13T11:57:47","slug":"screening-tatiana-lecomte-hors-champ-2","status":"publish","type":"post","link":"https:\/\/camera-austria.at\/en\/2017\/09\/screening-tatiana-lecomte-hors-champ-2\/","title":{"rendered":"Screening: Tatiana Lecomte. Hors-Champ"},"content":{"rendered":"<div class=\"center-wrapper\">\n<div class=\"panel-col-first panel-panel\">\n<div class=\"inside\">\n<div class=\"field--body\">\n<p><a href=\"https:\/\/www.mumok.at\/en\/events\/tatiana-lecomte\">mumok<\/a>, Vienna,<span class=\"date-display-single\"> October 11, 2017, 19:00<\/span><\/p>\n<p><strong>Tatiana Lecomte<\/strong> is showing a selection of films that have impressed her greatly and influenced her own work, contrasting these with her own film <em>Ein m\u00f6rderischer L\u00e4rm<\/em> (<em>A Thunderous Noise<\/em>). This film is based on the experiences of Frenchman Jean-Jacques Boijentin (1920\u20132015) in the Gusen <span class=\"caps\">II<\/span> concentration camp in St. Georgen an der Gusen (to the east of Linz), a subsidiary camp of Mauthausen. Prisoners were deployed to build a secret underground factory making jet airplanes. Conditions in the camp were inhuman, and the work underground was even worse. The title <em>Hors-champ<\/em> refers to the space that we do not see in the film, a gap that we fill in automatically with our own experience and knowledge.<\/p>\n<p>Hannes B\u00f6ck, <em>F\u00fcnf Skulpturen aus den \u00e4gyptischen Heiligt\u00fcmern im Museo del Sannio<\/em>, <em>Benevento: n. 252 Hockender Pavian, Diorit; n. 253 Falke, Amphibolit; n. 255 Falke, Gabbro; n. 256 Hockender Pavian, Diorit; n. 280 Apis-Stier, Diorit<\/em>, 2013, 9 min<br \/>\nTatiana Lecomte, <em>Ein m\u00f6rderischer L\u00e4rm<\/em>, 2015, 21 min<br \/>\nMorgan Fisher, <em>Production Stills<\/em>, 1970, 11 min<br \/>\nRainer W\u00f6lzl, <em>Die Linke<\/em>, 2009, 3 min<br \/>\nHans Schabus, <em>Atelier<\/em>, 2010, 8 min<br \/>\nJames Benning &amp; Bette Gordon, <em>The United States of America<\/em>, 1975, 27 min<\/p>\n<p>Followed by a conversation with Tatiana Lecomte and <strong>Maren L\u00fcbbke-Tidow<\/strong><\/p>\n<p><a href=\"http:\/\/tatianalecomte.com\/english\/\">Tatiana Lecomte<\/a> lives in Vienna. Exhibitions (selection): <em>Nach einer wahren Begebenheit<\/em>, Galerie Marenzi, Leibnitz (2017); <em>Tselem ve-Tsilum<\/em>, J\u00fcdisches Museum am Judenplatz, Vienna (2013); <em>\u0160ejla Kameric, Tatiana Lecomte<\/em>, Camera Austria, Graz (2011).<\/p>\n<p><a href=\"http:\/\/marenluebbketidow.com\/\">Maren L\u00fcbbke-Tidow<\/a> works on photography and visual art. She writes for a range of international magazines, books, catalogues, and artists, and curates exhibitions in different institutional contexts, among others at Camera Austria (Graz).<\/p>\n<\/div>\n<\/div>\n<\/div>\n<\/div>\n","protected":false},"excerpt":{"rendered":"<p>mumok, Vienna, October 11, 2017, 19:00 Tatiana Lecomte is showing a selection of films that have impressed her greatly and influenced her own work, contrasting these with her own film Ein m\u00f6rderischer L\u00e4rm (A Thunderous Noise). This film is based on the experiences of Frenchman Jean-Jacques Boijentin (1920\u20132015) in the Gusen II concentration camp in [&hellip;]<\/p>\n","protected":false},"author":2,"featured_media":0,"comment_status":"closed","ping_status":"closed","sticky":false,"template":"","format":"standard","meta":{"_acf_changed":false,"footnotes":""},"categories":[32],"tags":[],"class_list":["post-40068","post","type-post","status-publish","format-standard","hentry","category-redaktion-en"],"acf":[],"yoast_head":"<!-- This site is optimized with the Yoast SEO plugin v27.4 - https:\/\/yoast.com\/product\/yoast-seo-wordpress\/ -->\n<title>Screening: Tatiana Lecomte. Hors-Champ - Camera Austria<\/title>\n<meta name=\"robots\" content=\"index, follow, max-snippet:-1, max-image-preview:large, max-video-preview:-1\" \/>\n<link rel=\"canonical\" href=\"https:\/\/camera-austria.at\/en\/2017\/09\/screening-tatiana-lecomte-hors-champ-2\/\" \/>\n<meta property=\"og:locale\" content=\"en_US\" \/>\n<meta property=\"og:type\" content=\"article\" \/>\n<meta property=\"og:title\" content=\"Screening: Tatiana Lecomte. Hors-Champ - Camera Austria\" \/>\n<meta property=\"og:description\" content=\"mumok, Vienna, October 11, 2017, 19:00 Tatiana Lecomte is showing a selection of films that have impressed her greatly and influenced her own work, contrasting these with her own film Ein m\u00f6rderischer L\u00e4rm (A Thunderous Noise). This film is based on the experiences of Frenchman Jean-Jacques Boijentin (1920\u20132015) in the Gusen II concentration camp in [&hellip;]\" \/>\n<meta property=\"og:url\" content=\"https:\/\/camera-austria.at\/en\/2017\/09\/screening-tatiana-lecomte-hors-champ-2\/\" \/>\n<meta property=\"og:site_name\" content=\"Camera Austria\" \/>\n<meta property=\"article:publisher\" content=\"https:\/\/www.facebook.com\/Camera.Austria\" \/>\n<meta property=\"article:published_time\" content=\"2017-09-01T12:54:11+00:00\" \/>\n<meta property=\"article:modified_time\" content=\"2017-10-13T11:57:47+00:00\" \/>\n<meta property=\"og:image\" content=\"https:\/\/camera-austria.at\/wp-content\/uploads\/2012\/11\/ca_ueber-uns_aussenansicht_spiluttini.jpg\" \/>\n\t<meta property=\"og:image:width\" content=\"629\" \/>\n\t<meta property=\"og:image:height\" content=\"491\" \/>\n\t<meta property=\"og:image:type\" content=\"image\/jpeg\" \/>\n<meta name=\"author\" content=\"CameraAustria\" \/>\n<meta name=\"twitter:card\" content=\"summary_large_image\" \/>\n<meta name=\"twitter:label1\" content=\"Written by\" \/>\n\t<meta name=\"twitter:data1\" content=\"CameraAustria\" \/>\n\t<meta name=\"twitter:label2\" content=\"Est. reading time\" \/>\n\t<meta name=\"twitter:data2\" content=\"1 minute\" \/>\n<script type=\"application\/ld+json\" class=\"yoast-schema-graph\">{\"@context\":\"https:\\\/\\\/schema.org\",\"@graph\":[{\"@type\":\"Article\",\"@id\":\"https:\\\/\\\/camera-austria.at\\\/en\\\/2017\\\/09\\\/screening-tatiana-lecomte-hors-champ-2\\\/#article\",\"isPartOf\":{\"@id\":\"https:\\\/\\\/camera-austria.at\\\/en\\\/2017\\\/09\\\/screening-tatiana-lecomte-hors-champ-2\\\/\"},\"author\":{\"name\":\"CameraAustria\",\"@id\":\"https:\\\/\\\/camera-austria.at\\\/en\\\/#\\\/schema\\\/person\\\/79fbd5c5423c329fd8aa6512a8f8cf7c\"},\"headline\":\"Screening: Tatiana Lecomte. Hors-Champ\",\"datePublished\":\"2017-09-01T12:54:11+00:00\",\"dateModified\":\"2017-10-13T11:57:47+00:00\",\"mainEntityOfPage\":{\"@id\":\"https:\\\/\\\/camera-austria.at\\\/en\\\/2017\\\/09\\\/screening-tatiana-lecomte-hors-champ-2\\\/\"},\"wordCount\":267,\"publisher\":{\"@id\":\"https:\\\/\\\/camera-austria.at\\\/en\\\/#organization\"},\"articleSection\":[\"Redaktion\"],\"inLanguage\":\"en-US\"},{\"@type\":\"WebPage\",\"@id\":\"https:\\\/\\\/camera-austria.at\\\/en\\\/2017\\\/09\\\/screening-tatiana-lecomte-hors-champ-2\\\/\",\"url\":\"https:\\\/\\\/camera-austria.at\\\/en\\\/2017\\\/09\\\/screening-tatiana-lecomte-hors-champ-2\\\/\",\"name\":\"Screening: Tatiana Lecomte. Hors-Champ - Camera Austria\",\"isPartOf\":{\"@id\":\"https:\\\/\\\/camera-austria.at\\\/en\\\/#website\"},\"datePublished\":\"2017-09-01T12:54:11+00:00\",\"dateModified\":\"2017-10-13T11:57:47+00:00\",\"breadcrumb\":{\"@id\":\"https:\\\/\\\/camera-austria.at\\\/en\\\/2017\\\/09\\\/screening-tatiana-lecomte-hors-champ-2\\\/#breadcrumb\"},\"inLanguage\":\"en-US\",\"potentialAction\":[{\"@type\":\"ReadAction\",\"target\":[\"https:\\\/\\\/camera-austria.at\\\/en\\\/2017\\\/09\\\/screening-tatiana-lecomte-hors-champ-2\\\/\"]}]},{\"@type\":\"BreadcrumbList\",\"@id\":\"https:\\\/\\\/camera-austria.at\\\/en\\\/2017\\\/09\\\/screening-tatiana-lecomte-hors-champ-2\\\/#breadcrumb\",\"itemListElement\":[{\"@type\":\"ListItem\",\"position\":1,\"name\":\"Home\",\"item\":\"https:\\\/\\\/camera-austria.at\\\/en\\\/\"},{\"@type\":\"ListItem\",\"position\":2,\"name\":\"Screening: Tatiana Lecomte. Hors-Champ\"}]},{\"@type\":\"WebSite\",\"@id\":\"https:\\\/\\\/camera-austria.at\\\/en\\\/#website\",\"url\":\"https:\\\/\\\/camera-austria.at\\\/en\\\/\",\"name\":\"Camera Austria\",\"description\":\"\",\"publisher\":{\"@id\":\"https:\\\/\\\/camera-austria.at\\\/en\\\/#organization\"},\"potentialAction\":[{\"@type\":\"SearchAction\",\"target\":{\"@type\":\"EntryPoint\",\"urlTemplate\":\"https:\\\/\\\/camera-austria.at\\\/en\\\/?s={search_term_string}\"},\"query-input\":{\"@type\":\"PropertyValueSpecification\",\"valueRequired\":true,\"valueName\":\"search_term_string\"}}],\"inLanguage\":\"en-US\"},{\"@type\":\"Organization\",\"@id\":\"https:\\\/\\\/camera-austria.at\\\/en\\\/#organization\",\"name\":\"Camera Austria\",\"url\":\"https:\\\/\\\/camera-austria.at\\\/en\\\/\",\"logo\":{\"@type\":\"ImageObject\",\"inLanguage\":\"en-US\",\"@id\":\"https:\\\/\\\/camera-austria.at\\\/en\\\/#\\\/schema\\\/logo\\\/image\\\/\",\"url\":\"https:\\\/\\\/camera-austria.at\\\/wp-content\\\/uploads\\\/2022\\\/02\\\/logo.png\",\"contentUrl\":\"https:\\\/\\\/camera-austria.at\\\/wp-content\\\/uploads\\\/2022\\\/02\\\/logo.png\",\"width\":399,\"height\":59,\"caption\":\"Camera Austria\"},\"image\":{\"@id\":\"https:\\\/\\\/camera-austria.at\\\/en\\\/#\\\/schema\\\/logo\\\/image\\\/\"},\"sameAs\":[\"https:\\\/\\\/www.facebook.com\\\/Camera.Austria\",\"https:\\\/\\\/www.instagram.com\\\/cameraaustriagraz\\\/\"]},{\"@type\":\"Person\",\"@id\":\"https:\\\/\\\/camera-austria.at\\\/en\\\/#\\\/schema\\\/person\\\/79fbd5c5423c329fd8aa6512a8f8cf7c\",\"name\":\"CameraAustria\",\"url\":\"https:\\\/\\\/camera-austria.at\\\/en\\\/author\\\/cameraaustria\\\/\"}]}<\/script>\n<!-- \/ Yoast SEO plugin. -->","yoast_head_json":{"title":"Screening: Tatiana Lecomte. Hors-Champ - Camera Austria","robots":{"index":"index","follow":"follow","max-snippet":"max-snippet:-1","max-image-preview":"max-image-preview:large","max-video-preview":"max-video-preview:-1"},"canonical":"https:\/\/camera-austria.at\/en\/2017\/09\/screening-tatiana-lecomte-hors-champ-2\/","og_locale":"en_US","og_type":"article","og_title":"Screening: Tatiana Lecomte. Hors-Champ - Camera Austria","og_description":"mumok, Vienna, October 11, 2017, 19:00 Tatiana Lecomte is showing a selection of films that have impressed her greatly and influenced her own work, contrasting these with her own film Ein m\u00f6rderischer L\u00e4rm (A Thunderous Noise). This film is based on the experiences of Frenchman Jean-Jacques Boijentin (1920\u20132015) in the Gusen II concentration camp in [&hellip;]","og_url":"https:\/\/camera-austria.at\/en\/2017\/09\/screening-tatiana-lecomte-hors-champ-2\/","og_site_name":"Camera Austria","article_publisher":"https:\/\/www.facebook.com\/Camera.Austria","article_published_time":"2017-09-01T12:54:11+00:00","article_modified_time":"2017-10-13T11:57:47+00:00","og_image":[{"width":629,"height":491,"url":"https:\/\/camera-austria.at\/wp-content\/uploads\/2012\/11\/ca_ueber-uns_aussenansicht_spiluttini.jpg","type":"image\/jpeg"}],"author":"CameraAustria","twitter_card":"summary_large_image","twitter_misc":{"Written by":"CameraAustria","Est. reading time":"1 minute"},"schema":{"@context":"https:\/\/schema.org","@graph":[{"@type":"Article","@id":"https:\/\/camera-austria.at\/en\/2017\/09\/screening-tatiana-lecomte-hors-champ-2\/#article","isPartOf":{"@id":"https:\/\/camera-austria.at\/en\/2017\/09\/screening-tatiana-lecomte-hors-champ-2\/"},"author":{"name":"CameraAustria","@id":"https:\/\/camera-austria.at\/en\/#\/schema\/person\/79fbd5c5423c329fd8aa6512a8f8cf7c"},"headline":"Screening: Tatiana Lecomte. Hors-Champ","datePublished":"2017-09-01T12:54:11+00:00","dateModified":"2017-10-13T11:57:47+00:00","mainEntityOfPage":{"@id":"https:\/\/camera-austria.at\/en\/2017\/09\/screening-tatiana-lecomte-hors-champ-2\/"},"wordCount":267,"publisher":{"@id":"https:\/\/camera-austria.at\/en\/#organization"},"articleSection":["Redaktion"],"inLanguage":"en-US"},{"@type":"WebPage","@id":"https:\/\/camera-austria.at\/en\/2017\/09\/screening-tatiana-lecomte-hors-champ-2\/","url":"https:\/\/camera-austria.at\/en\/2017\/09\/screening-tatiana-lecomte-hors-champ-2\/","name":"Screening: Tatiana Lecomte. Hors-Champ - Camera Austria","isPartOf":{"@id":"https:\/\/camera-austria.at\/en\/#website"},"datePublished":"2017-09-01T12:54:11+00:00","dateModified":"2017-10-13T11:57:47+00:00","breadcrumb":{"@id":"https:\/\/camera-austria.at\/en\/2017\/09\/screening-tatiana-lecomte-hors-champ-2\/#breadcrumb"},"inLanguage":"en-US","potentialAction":[{"@type":"ReadAction","target":["https:\/\/camera-austria.at\/en\/2017\/09\/screening-tatiana-lecomte-hors-champ-2\/"]}]},{"@type":"BreadcrumbList","@id":"https:\/\/camera-austria.at\/en\/2017\/09\/screening-tatiana-lecomte-hors-champ-2\/#breadcrumb","itemListElement":[{"@type":"ListItem","position":1,"name":"Home","item":"https:\/\/camera-austria.at\/en\/"},{"@type":"ListItem","position":2,"name":"Screening: Tatiana Lecomte. Hors-Champ"}]},{"@type":"WebSite","@id":"https:\/\/camera-austria.at\/en\/#website","url":"https:\/\/camera-austria.at\/en\/","name":"Camera Austria","description":"","publisher":{"@id":"https:\/\/camera-austria.at\/en\/#organization"},"potentialAction":[{"@type":"SearchAction","target":{"@type":"EntryPoint","urlTemplate":"https:\/\/camera-austria.at\/en\/?s={search_term_string}"},"query-input":{"@type":"PropertyValueSpecification","valueRequired":true,"valueName":"search_term_string"}}],"inLanguage":"en-US"},{"@type":"Organization","@id":"https:\/\/camera-austria.at\/en\/#organization","name":"Camera Austria","url":"https:\/\/camera-austria.at\/en\/","logo":{"@type":"ImageObject","inLanguage":"en-US","@id":"https:\/\/camera-austria.at\/en\/#\/schema\/logo\/image\/","url":"https:\/\/camera-austria.at\/wp-content\/uploads\/2022\/02\/logo.png","contentUrl":"https:\/\/camera-austria.at\/wp-content\/uploads\/2022\/02\/logo.png","width":399,"height":59,"caption":"Camera Austria"},"image":{"@id":"https:\/\/camera-austria.at\/en\/#\/schema\/logo\/image\/"},"sameAs":["https:\/\/www.facebook.com\/Camera.Austria","https:\/\/www.instagram.com\/cameraaustriagraz\/"]},{"@type":"Person","@id":"https:\/\/camera-austria.at\/en\/#\/schema\/person\/79fbd5c5423c329fd8aa6512a8f8cf7c","name":"CameraAustria","url":"https:\/\/camera-austria.at\/en\/author\/cameraaustria\/"}]}},"_links":{"self":[{"href":"https:\/\/camera-austria.at\/en\/wp-json\/wp\/v2\/posts\/40068","targetHints":{"allow":["GET"]}}],"collection":[{"href":"https:\/\/camera-austria.at\/en\/wp-json\/wp\/v2\/posts"}],"about":[{"href":"https:\/\/camera-austria.at\/en\/wp-json\/wp\/v2\/types\/post"}],"author":[{"embeddable":true,"href":"https:\/\/camera-austria.at\/en\/wp-json\/wp\/v2\/users\/2"}],"replies":[{"embeddable":true,"href":"https:\/\/camera-austria.at\/en\/wp-json\/wp\/v2\/comments?post=40068"}],"version-history":[{"count":1,"href":"https:\/\/camera-austria.at\/en\/wp-json\/wp\/v2\/posts\/40068\/revisions"}],"predecessor-version":[{"id":40069,"href":"https:\/\/camera-austria.at\/en\/wp-json\/wp\/v2\/posts\/40068\/revisions\/40069"}],"wp:attachment":[{"href":"https:\/\/camera-austria.at\/en\/wp-json\/wp\/v2\/media?parent=40068"}],"wp:term":[{"taxonomy":"category","embeddable":true,"href":"https:\/\/camera-austria.at\/en\/wp-json\/wp\/v2\/categories?post=40068"},{"taxonomy":"post_tag","embeddable":true,"href":"https:\/\/camera-austria.at\/en\/wp-json\/wp\/v2\/tags?post=40068"}],"curies":[{"name":"wp","href":"https:\/\/api.w.org\/{rel}","templated":true}]}}